{"id":253,"__str__":"PRESTA\u00c7\u00c3O DE CONTAS n\u00ba 1 de 2019","link_detail_backend":"/materia/253","metadata":{},"numero":1,"ano":2019,"numero_protocolo":null,"data_apresentacao":"2021-09-24","tipo_apresentacao":"E","data_publicacao":null,"numero_origem_externa":"","ano_origem_externa":null,"data_origem_externa":null,"apelido":"","dias_prazo":null,"data_fim_prazo":null,"em_tramitacao":true,"polemica":false,"objeto":"","complementar":false,"ementa":"Presta\u00e7\u00e3o de Contas do exerc\u00edcio de 2019 do Munic\u00edpio de Corumbiara de responsabilidade do Prefeito Municipal Laercio Marchini.","indexacao":"","observacao":"","resultado":"","texto_original":"http://sapl.corumbiara.ro.leg.br/media/sapl/public/materialegislativa/2019/253/prestacao_de_contas_2019.pdf","data_ultima_atualizacao":"2021-09-29T13:04:28.207031-03:00","ip":"45.172.32.44","ultima_edicao":"2021-09-29T12:59:16.617778-03:00","tipo":17,"regime_tramitacao":1,"tipo_origem_externa":null,"local_origem_externa":null,"user":17,"anexadas":[],"autores":[11]}