{"headers": {"id": "ID", "ano": "Ano", "numero": "N\u00famero", "tipo__sigla": "Tipo de Mat\u00e9ria Legislativa/Sigla", "tipo__descricao": "Tipo de Mat\u00e9ria Legislativa/Descri\u00e7\u00e3o", "autoria": "Autorias", "texto_original": "Texto Original", "ementa": "Ementa"}, "results": [{"id": "140", "ano": "2017", "numero": "1", "tipo__sigla": "PLO", "tipo__descricao": "Projeto de Lei Ordin\u00e1ria", "autoria": "La\u00e9rcio Marcini", "texto_original": "http://sapl.corumbiara.ro.leg.br/media/./sapl/public/materialegislativa/2017/140/140_texto_integral.pdf", "ementa": "DISP\u00d5E SOBRE A ABERTURA DE CR\u00c9DITO ADICIONAL ESPECIAL, E D\u00c1 OUTRAS PROVID\u00caNCIAS."}, {"id": "40", "ano": "2017", "numero": "2", "tipo__sigla": "PLO", "tipo__descricao": "Projeto de Lei Ordin\u00e1ria", "autoria": "", "texto_original": "http://sapl.corumbiara.ro.leg.br/media/", "ementa": "DISP\u00d5E SOBRE AUTORIZA\u00c7\u00c3O PARA ABERTURA DE CR\u00c9DITO ADICIONAL ESPECIAL E DA OUTRAS PROVID\u00caNCIAS."}, {"id": "46", "ano": "2017", "numero": "3", "tipo__sigla": "PLO", "tipo__descricao": "Projeto de Lei Ordin\u00e1ria", "autoria": "La\u00e9rcio Marcini", "texto_original": "http://sapl.corumbiara.ro.leg.br/media/./sapl/public/materialegislativa/2017/46/46_texto_integral.pdf", "ementa": "DISP\u00d5E SOBRE A MANUTEN\u00c7\u00c3O DA LIMPEZA EM TERRENOS URBANOS NO MUNIC\u00cdPIO DE CORUMBIARA/RO E D\u00c1 OUTRAS PROVID\u00caNCIAS."}, {"id": "55", "ano": "2017", "numero": "4", "tipo__sigla": "PLO", "tipo__descricao": "Projeto de Lei Ordin\u00e1ria", "autoria": "La\u00e9rcio Marcini", "texto_original": "http://sapl.corumbiara.ro.leg.br/media/./sapl/public/materialegislativa/2017/55/55_texto_integral.pdf", "ementa": "DISP\u00d5E SOBRE A ABERTURA DE CR\u00c9DITO ESPECIAL ADICIONAL ESPECIAL, E D\u00c1 OUTRAS PROVID\u00caNCIAS."}, {"id": "116", "ano": "2017", "numero": "5", "tipo__sigla": "PLO", "tipo__descricao": "Projeto de Lei Ordin\u00e1ria", "autoria": "La\u00e9rcio Marcini", "texto_original": "http://sapl.corumbiara.ro.leg.br/media/./sapl/public/materialegislativa/2017/116/116_texto_integral.pdf", "ementa": "DISP\u00d5E SOBRE AS DIRETRIZES PARA A ELABORA\u00c7\u00c3O OR\u00c7AMENT\u00c1RIA DO EXERC\u00cdCIO DE 2018, E D\u00c1 OUTRAS PROVID\u00caNCIAS."}, {"id": "119", "ano": "2017", "numero": "7", "tipo__sigla": "PLO", "tipo__descricao": "Projeto de Lei Ordin\u00e1ria", "autoria": "La\u00e9rcio Marcini", "texto_original": "http://sapl.corumbiara.ro.leg.br/media/./sapl/public/materialegislativa/2017/119/119_texto_integral.pdf", "ementa": "DISP\u00d5E SOBRE A CONCESS\u00c3O, O PROCEDIMENTO, PRESTA\u00c7\u00c3O DE CONTA E FIXA VALORES DE DI\u00c1RIAS, E D\u00c1 OUTRAS PROVIDENCIAS."}, {"id": "76", "ano": "2017", "numero": "8", "tipo__sigla": "PLO", "tipo__descricao": "Projeto de Lei Ordin\u00e1ria", "autoria": "La\u00e9rcio Marcini", "texto_original": "http://sapl.corumbiara.ro.leg.br/media/./sapl/public/materialegislativa/2017/76/76_texto_integral.pdf", "ementa": "DISP\u00d5E SOBRE AUTORIZA\u00c7\u00c3O PARA ABERTURA DE CR\u00c9DITO ADICIONAL ESPECIAL, E D\u00c1 OUTRAS PROVID\u00caNCIAS."}, {"id": "78", "ano": "2017", "numero": "9", "tipo__sigla": "PLO", "tipo__descricao": "Projeto de Lei Ordin\u00e1ria", "autoria": "La\u00e9rcio Marcini", "texto_original": "http://sapl.corumbiara.ro.leg.br/media/./sapl/public/materialegislativa/2017/78/78_texto_integral.pdf", "ementa": "DISP\u00d5E SOBRE A ABERTURA DE CR\u00c9DITO ADICIONAL ESPECIAL, E D\u00c1 OUTRAS PROVID\u00caNCIAS."}, {"id": "80", "ano": "2017", "numero": "10", "tipo__sigla": "PLO", "tipo__descricao": "Projeto de Lei Ordin\u00e1ria", "autoria": "La\u00e9rcio Marcini", "texto_original": "http://sapl.corumbiara.ro.leg.br/media/./sapl/public/materialegislativa/2017/80/80_texto_integral.pdf", "ementa": "DISP\u00d5E SOBRE A ABERTURA DE CR\u00c9DITO ADICIONAL ESPECIAL, E D\u00c1 OUTRAS PROVID\u00caNCIAS."}, {"id": "82", "ano": "2017", "numero": "11", "tipo__sigla": "PLO", "tipo__descricao": "Projeto de Lei Ordin\u00e1ria", "autoria": "La\u00e9rcio Marcini", "texto_original": "http://sapl.corumbiara.ro.leg.br/media/./sapl/public/materialegislativa/2017/82/82_texto_integral.pdf", "ementa": "DISP\u00d5E SOBRE A ABERTURA DE CR\u00c9DITO ADICIONAL SUPLEMENTAR, E D\u00c1 OUTRAS PROVID\u00caNCIAS."}, {"id": "84", "ano": "2017", "numero": "12", "tipo__sigla": "PLO", "tipo__descricao": "Projeto de Lei Ordin\u00e1ria", "autoria": "La\u00e9rcio Marcini", "texto_original": "http://sapl.corumbiara.ro.leg.br/media/./sapl/public/materialegislativa/2017/84/84_texto_integral.pdf", "ementa": "DISP\u00d5E SOBRE A ABERTURA DE CR\u00c9DITO ESPECIAL ADICIONAL ESPECIAL, E D\u00c1 OUTRAS PROVID\u00caNCIAS"}, {"id": "101", "ano": "2017", "numero": "13", "tipo__sigla": "PLO", "tipo__descricao": "Projeto de Lei Ordin\u00e1ria", "autoria": "Caverinha", "texto_original": "http://sapl.corumbiara.ro.leg.br/media/./sapl/public/materialegislativa/2017/101/101_texto_integral.pdf", "ementa": "CONSTITUI O FUNDO ESPECIAL DO C\u00c2MARA MUNICIPAL DE CORUMBIARA (RO) - FECMC."}, {"id": "115", "ano": "2017", "numero": "14", "tipo__sigla": "PLO", "tipo__descricao": "Projeto de Lei Ordin\u00e1ria", "autoria": "La\u00e9rcio Marcini", "texto_original": "http://sapl.corumbiara.ro.leg.br/media/./sapl/public/materialegislativa/2017/115/115_texto_integral.pdf", "ementa": "DISCIPLINA SOBRE O ABRIGO INSTITUCIONAL PARA ACOLHIMENTO DE CRIAN\u00c7AS E ADOLESCENTES, DENOMINADO DE CASA ACOLHEDORA RENASCER, NO MUNIC\u00cdPIO DE CORUMBIARA-RO, E D\u00c1 OUTRAS PROVID\u00caNCIAS."}, {"id": "123", "ano": "2017", "numero": "15", "tipo__sigla": "PLO", "tipo__descricao": "Projeto de Lei Ordin\u00e1ria", "autoria": "La\u00e9rcio Marcini", "texto_original": "http://sapl.corumbiara.ro.leg.br/media/./sapl/public/materialegislativa/2017/123/123_texto_integral.pdf", "ementa": "ALTERA A REDA\u00c7\u00c3O DO ARTIGO 2\u00b0 DA LEI MUNICIPAL N\u00b0 892 DE 11 DE NOVEMBRO DE 2013 QUE ESTABELECE REGRAS PARA O TRANSPORTE ESCOLAR DANDO NOVA REDA\u00c7\u00c3O AO MESMO, E D\u00c1 OUTRAS PROVIDENCIAS."}, {"id": "120", "ano": "2017", "numero": "16", "tipo__sigla": "PLO", "tipo__descricao": "Projeto de Lei Ordin\u00e1ria", "autoria": "La\u00e9rcio Marcini", "texto_original": "http://sapl.corumbiara.ro.leg.br/media/./sapl/public/materialegislativa/2017/120/120_texto_integral.pdf", "ementa": "DISP\u00d5E SOBRE O PLANO PLURIANUAL PARA O PER\u00cdODO DE 2018/2021, DO MUNIC\u00cdPIO DE CORUMBIARA, ESTADO DE ROND\u00d4NIA."}, {"id": "141", "ano": "2017", "numero": "17", "tipo__sigla": "PLO", "tipo__descricao": "Projeto de Lei Ordin\u00e1ria", "autoria": "La\u00e9rcio Marcini", "texto_original": "http://sapl.corumbiara.ro.leg.br/media/./sapl/public/materialegislativa/2017/141/141_texto_integral.pdf", "ementa": "DISP\u00d5E SOBRE O OR\u00c7AMENTO GERAL DO MUNIC\u00cdPIO DE CORUMBIARA, ESTADO DE ROND\u00d4NIA PARA O EXERC\u00cdCIO DE 2018."}, {"id": "110", "ano": "2017", "numero": "18", "tipo__sigla": "PLO", "tipo__descricao": "Projeto de Lei Ordin\u00e1ria", "autoria": "La\u00e9rcio Marcini", "texto_original": "http://sapl.corumbiara.ro.leg.br/media/./sapl/public/materialegislativa/2017/110/110_texto_integral.pdf", "ementa": "DISP\u00d5E SOBRE A ABERTURA DE CR\u00c9DITO ADICIONAL SUPLEMENTAR, E D\u00c1 OUTRAS PROVID\u00caNCIAS."}, {"id": "111", "ano": "2017", "numero": "19", "tipo__sigla": "PLO", "tipo__descricao": "Projeto de Lei Ordin\u00e1ria", "autoria": "La\u00e9rcio Marcini", "texto_original": "http://sapl.corumbiara.ro.leg.br/media/./sapl/public/materialegislativa/2017/111/111_texto_integral.pdf", "ementa": "DISP\u00d5E SOBRE A ALTERA\u00c7\u00c3O DO INCISO I E \u00a7 2\u00ba DO ARTIGO 1\u00b0 E O ARTIGO 12 DA LEI MUNICIPAL 980 DE 06 DE JULHO DE 2015 E ADOTA OUTRAS PROVID\u00caNCIAS.  "}, {"id": "112", "ano": "2017", "numero": "20", "tipo__sigla": "PLO", "tipo__descricao": "Projeto de Lei Ordin\u00e1ria", "autoria": "La\u00e9rcio Marcini", "texto_original": "http://sapl.corumbiara.ro.leg.br/media/./sapl/public/materialegislativa/2017/112/112_texto_integral.pdf", "ementa": "AUTORIZAR O PODER EXECUTIVO MUNICIPAL A CUSTEAR DESPESAS DO FUNERAL DO SERVIDOR P\u00daBLICO MUNICIPAL, SENHOR HUELINTON LOPES SOARES, FALECIDO NO DIA 11 DE AGOSTO DE 2017 E D\u00c1 OUTRAS PROVID\u00caNCIAS."}, {"id": "122", "ano": "2017", "numero": "21", "tipo__sigla": "PLO", "tipo__descricao": "Projeto de Lei Ordin\u00e1ria", "autoria": "Caverinha, DANIEL DA OBRA, Nei Moura, TEREZINHA", "texto_original": "http://sapl.corumbiara.ro.leg.br/media/./sapl/public/materialegislativa/2017/122/122_texto_integral.pdf", "ementa": "DISP\u00d5E SOBRE O AUXILIO ALIMENTA\u00c7\u00c3O NO \u00c2MBITO DA C\u00c2MARA MUNICIPAL DE CORUMBIARA (RO) E D\u00c1 OUTRAS PROVIDENCIAS."}, {"id": "127", "ano": "2017", "numero": "22", "tipo__sigla": "PLO", "tipo__descricao": "Projeto de Lei Ordin\u00e1ria", "autoria": "Caverinha", "texto_original": "http://sapl.corumbiara.ro.leg.br/media/./sapl/public/materialegislativa/2017/127/127_texto_integral.pdf", "ementa": "\"DISP\u00d5E SOBRE A ABERTURA DE CR\u00c9DITO ADICIONAL SUPLEMENTAR, E D\u00c1 OUTRAS PROVIDENCIAS\""}, {"id": "132", "ano": "2017", "numero": "23", "tipo__sigla": "PLO", "tipo__descricao": "Projeto de Lei Ordin\u00e1ria", "autoria": "La\u00e9rcio Marcini", "texto_original": "http://sapl.corumbiara.ro.leg.br/media/./sapl/public/materialegislativa/2017/132/132_texto_integral.pdf", "ementa": "DISP\u00d5E SOBRE CONCESS\u00c3O, O PROCEDIMENTO, PRESTA\u00c7\u00c3O DE CONTAS E FIXA VALORES DE DI\u00c1RIAS, E D\u00c1 OUTRAS PROVIDENCIAS"}, {"id": "149", "ano": "2017", "numero": "25", "tipo__sigla": "PLO", "tipo__descricao": "Projeto de Lei Ordin\u00e1ria", "autoria": "La\u00e9rcio Marcini", "texto_original": "http://sapl.corumbiara.ro.leg.br/media/./sapl/public/materialegislativa/2017/149/149_texto_integral.pdf", "ementa": "DISP\u00d5E SOBRE A ABERTURA DE CR\u00c9DITO ADICIONAL SUPLEMENTAR, E DA OUTRAS PROVIDENCIAS."}, {"id": "160", "ano": "2017", "numero": "26", "tipo__sigla": "PLO", "tipo__descricao": "Projeto de Lei Ordin\u00e1ria", "autoria": "La\u00e9rcio Marcini", "texto_original": "http://sapl.corumbiara.ro.leg.br/media/./sapl/public/materialegislativa/2017/160/160_texto_integral.pdf", "ementa": "DISP\u00d5E SOBRE A ABERTURA DE CR\u00c9DITO ADICIONAL SUPLEMENTAR E D\u00c1 OUTRAS PROVID\u00caNCIAS."}, {"id": "161", "ano": "2017", "numero": "27", "tipo__sigla": "PLO", "tipo__descricao": "Projeto de Lei Ordin\u00e1ria", "autoria": "La\u00e9rcio Marcini", "texto_original": "http://sapl.corumbiara.ro.leg.br/media/./sapl/public/materialegislativa/2017/161/161_texto_integral.pdf", "ementa": "DISP\u00d5E SOBRE A ABERTURA DE CR\u00c9DITO ADICIONAL ESPECIAL, E D\u00c1 OUTRAS PROVID\u00caNCIAS."}, {"id": "57", "ano": "2017", "numero": "1", "tipo__sigla": "PLC", "tipo__descricao": "Projeto de Lei Complementar", "autoria": "Caverinha", "texto_original": "http://sapl.corumbiara.ro.leg.br/media/./sapl/public/materialegislativa/2017/57/57_texto_integral.pdf", "ementa": "DISP\u00d5E SOBRE A CONCESS\u00c3O, O PROCEDIMENTO E A PRESTA\u00c7\u00c3O DE CONTAS DE DI\u00c1RIAS AOS MEMBROS E SERVIDORES DO PODER LEGISLATIVO DO MUNIC\u00cdPIO DE CORUMBIARA (RO)."}, {"id": "139", "ano": "2017", "numero": "2", "tipo__sigla": "PLC", "tipo__descricao": "Projeto de Lei Complementar", "autoria": "", "texto_original": "http://sapl.corumbiara.ro.leg.br/media/./sapl/public/materialegislativa/2017/139/139_texto_integral.pdf", "ementa": "DISP\u00d5E SOBRE O IMPOSTO SOBRE SERVI\u00c7OS DE QUALQUER NATUREZA (ISSQN) NO \u00c2MBITO DO MUNIC\u00cdPIO DE CORUMBIARA ESTADO DE ROND\u00d4NIA, CONFORME DETERMINA O ARTIGO 254, DA LEI N\u00b0 62/2016 (CTM), COM BASE NA LEI N\u00b0059, DE 14 DE DEZEMBRO DE 2016, E D\u00c1 OUTRAS PROVID\u00caNCIAS."}, {"id": "148", "ano": "2017", "numero": "3", "tipo__sigla": "PLC", "tipo__descricao": "Projeto de Lei Complementar", "autoria": "Caverinha, DANIEL DA OBRA, Nei Moura, TEREZINHA", "texto_original": "http://sapl.corumbiara.ro.leg.br/media/", "ementa": "MESA DIRETORA"}, {"id": "159", "ano": "2017", "numero": "5", "tipo__sigla": "PLC", "tipo__descricao": "Projeto de Lei Complementar", "autoria": "La\u00e9rcio Marcini", "texto_original": "http://sapl.corumbiara.ro.leg.br/media/./sapl/public/materialegislativa/2017/159/159_texto_integral.pdf", "ementa": "DISP\u00d5E SOBRE CRIA\u00c7\u00c3O PROVIS\u00d3RIA DE PAGAMENTO DE GRATIFICA\u00c7\u00c3O PARA SERVIDOR EFETIVO QUE IR\u00c1 TRABALHAR COM O PROGRAMA DO GOVERNO FEDERAL DENOMINADO DE \"CRIAN\u00c7A FELIZ\" NO MUNIC\u00cdPIO DE CORUMBIARA E D\u00c1 OUTRAS PROVID\u00caNCIAS."}, {"id": "33", "ano": "2017", "numero": "1", "tipo__sigla": "PRE", "tipo__descricao": "Projeto de Resolu\u00e7\u00e3o", "autoria": "Caverinha, DANIEL DA OBRA, Nei Moura, TEREZINHA", "texto_original": "http://sapl.corumbiara.ro.leg.br/media/./sapl/public/materialegislativa/2017/33/33_texto_integral.pdf", "ementa": "ALTERA O PARAGR\u00c1FO 2\u00ba DO ARTIGO 5\u00ba DA RESOLU\u00c7\u00c3O N\u00ba003/2003 E D\u00c1 OUTRAS PROVIDENCIAS."}, {"id": "18", "ano": "2017", "numero": "2", "tipo__sigla": "PRE", "tipo__descricao": "Projeto de Resolu\u00e7\u00e3o", "autoria": "Caverinha, DANIEL DA OBRA, Nei Moura, TEREZINHA", "texto_original": "http://sapl.corumbiara.ro.leg.br/media/./sapl/public/materialegislativa/2017/18/18_texto_integral.pdf", "ementa": "ALTERA O ARTIGO 2\u00ba DA RESOLU\u00c7\u00c3O N\u00ba006/2016 E D\u00c1 OUTRAS PRIVID\u00caNCIAS."}, {"id": "12", "ano": "2017", "numero": "3", "tipo__sigla": "PRE", "tipo__descricao": "Projeto de Resolu\u00e7\u00e3o", "autoria": "", "texto_original": "http://sapl.corumbiara.ro.leg.br/media/./sapl/public/materialegislativa/2017/12/12_texto_integral.pdf", "ementa": "ALTERA O PARAGRAFO 2\u00ba, O ARTIGO 10 E O ANEXO I DA RESOLU\u00c7\u00c3O N\u00ba006/2015 E D\u00c1 OUTRAS PROVID\u00caNCIAS."}, {"id": "26", "ano": "2017", "numero": "4", "tipo__sigla": "PRE", "tipo__descricao": "Projeto de Resolu\u00e7\u00e3o", "autoria": "Caverinha", "texto_original": "http://sapl.corumbiara.ro.leg.br/media/./sapl/public/materialegislativa/2017/26/26_texto_integral.pdf", "ementa": "REVOGA-SE A RESOLU\u00c7\u00c3O N\u00ba 002/2017 E O ARTIGO 2\u00ba, DA RESOLU\u00c7\u00c3O N\u00ba 006/2016 E D\u00c1 OUTRAS PROVID\u00caNCIAS."}, {"id": "63", "ano": "2017", "numero": "6", "tipo__sigla": "PRE", "tipo__descricao": "Projeto de Resolu\u00e7\u00e3o", "autoria": "Caverinha, DANIEL DA OBRA, Nei Moura, TEREZINHA", "texto_original": "http://sapl.corumbiara.ro.leg.br/media/./sapl/public/materialegislativa/2017/63/63_texto_integral.pdf", "ementa": "DISP\u00d5E SOBRE A BAIXA DE BENS M\u00d3VEIS INSERV\u00cdVEIS DA C\u00c2MARA MUNICIPAL DE CORUMBIARA."}, {"id": "99", "ano": "2017", "numero": "7", "tipo__sigla": "PRE", "tipo__descricao": "Projeto de Resolu\u00e7\u00e3o", "autoria": "Caverinha", "texto_original": "http://sapl.corumbiara.ro.leg.br/media/./sapl/public/materialegislativa/2017/99/99_texto_integral.pdf", "ementa": "DISP\u00d5E SOBRE A DOA\u00c7\u00c3O DE BENS M\u00d3VEIS INSERV\u00cdVEIS DA C\u00c2MARA MUNICIPAL DE CORUMBIARA E D\u00c1 OUTRAS PROVID\u00caNCIAS."}, {"id": "118", "ano": "2017", "numero": "8", "tipo__sigla": "PRE", "tipo__descricao": "Projeto de Resolu\u00e7\u00e3o", "autoria": "Caverinha", "texto_original": "http://sapl.corumbiara.ro.leg.br/media/", "ementa": "DI\u00c1RIAS"}, {"id": "16", "ano": "2017", "numero": "1", "tipo__sigla": "IND", "tipo__descricao": "Indica\u00e7\u00e3o", "autoria": "", "texto_original": "http://sapl.corumbiara.ro.leg.br/media/./sapl/public/materialegislativa/2017/16/16_texto_integral.pdf", "ementa": "INDICA AO PREFEITO MUNICIPAL A RECUPERA\u00c7\u00c3O DA LINHA 08 DISTRITO DE VERDE SERINGAL."}, {"id": "17", "ano": "2017", "numero": "2", "tipo__sigla": "IND", "tipo__descricao": "Indica\u00e7\u00e3o", "autoria": "", "texto_original": "http://sapl.corumbiara.ro.leg.br/media/./sapl/public/materialegislativa/2017/17/17_texto_integral.pdf", "ementa": "INDICA AO PODER EXECUTIVO MUNICIPAL A LIMPEZA DA ANTIGA ESCOLA P\u00c9 DA SERRA NA LINHA 05."}, {"id": "21", "ano": "2017", "numero": "3", "tipo__sigla": "IND", "tipo__descricao": "Indica\u00e7\u00e3o", "autoria": "", "texto_original": "http://sapl.corumbiara.ro.leg.br/media/./sapl/public/materialegislativa/2017/21/21_texto_integral.pdf", "ementa": "INDICA AO PODER EXECUTIVO MUNICIPAL A SINALIZA\u00c7\u00c3O E CONSTRU\u00c7\u00c3O DE QUEBRA MOLAS EM FRENTE A ESCOLA MUNICIPAL NO DISTRITO DE VIT\u00d3RIA DA UNI\u00c3O."}, {"id": "20", "ano": "2017", "numero": "4", "tipo__sigla": "IND", "tipo__descricao": "Indica\u00e7\u00e3o", "autoria": "", "texto_original": "http://sapl.corumbiara.ro.leg.br/media/./sapl/public/materialegislativa/2017/20/20_texto_integral.pdf", "ementa": "INDICA AO PODER EXECUTIVO MUNICIPAL A LIMPEZA DO P\u00c1TIO DA EMEIEF PROFESSOR DOMINGOS PEREIRA ROCHA E D\u00c1 OUTRAS PROVIDENCIAS."}, {"id": "22", "ano": "2017", "numero": "5", "tipo__sigla": "IND", "tipo__descricao": "Indica\u00e7\u00e3o", "autoria": "BRANCA DA EMATER", "texto_original": "http://sapl.corumbiara.ro.leg.br/media/./sapl/public/materialegislativa/2017/22/22_texto_integral.pdf", "ementa": "INDICA AO PREFEITO MUNICIPAL LA\u00c9RCIO MARCHINI, NECESSIDADE DE RECUPERAR O TRAVESS\u00c3O LOCALIZADO NA LINHA 04, O QUAL DA ACESSO \u00c0 CH\u00c1CARA DO SENHOR PEDRINHO DA CERON."}, {"id": "23", "ano": "2017", "numero": "6", "tipo__sigla": "IND", "tipo__descricao": "Indica\u00e7\u00e3o", "autoria": "Jos\u00e9 Viola", "texto_original": "http://sapl.corumbiara.ro.leg.br/media/./sapl/public/materialegislativa/2017/23/23_texto_integral.pdf", "ementa": "INDICA AO P&#180;REFEITO MUNICIPAL LA\u00c9RCIO MARCHINI, A NECESSIDADE DE RECUPERAR A PONTE DO TRAVESS\u00c3O LOCALIZADO NA LINHA 04 PARA A LINHA 05, DA 3\u00ba PARA 4\u00baEIXO, NAS PROXIMIDADES DA PROPRIEDADE DO SENHOR Z\u00c9 ISAAC."}, {"id": "25", "ano": "2017", "numero": "7", "tipo__sigla": "IND", "tipo__descricao": "Indica\u00e7\u00e3o", "autoria": "TEREZINHA, BRANCA DA EMATER, Jo\u00e3o Valad\u00e3o, Jos\u00e9 Viola", "texto_original": "http://sapl.corumbiara.ro.leg.br/media/./sapl/public/materialegislativa/2017/25/25_texto_integral.pdf", "ementa": "INDICAM AO PREFEITO MUNICIPAL LA\u00c9RCIO MARCHINI, A NECESSIDADE DE RECUPERAR A PONTE SOBRE O RIO DAS PEDRAS, LOCALIZADA NA LINHA 05, NOVA F\u00c1TIMA, SENTIDO AO DISTRITO DO VERDE SERINGAL."}, {"id": "32", "ano": "2017", "numero": "8", "tipo__sigla": "IND", "tipo__descricao": "Indica\u00e7\u00e3o", "autoria": "TEREZINHA, Jos\u00e9 Viola", "texto_original": "http://sapl.corumbiara.ro.leg.br/media/./sapl/public/materialegislativa/2017/32/32_texto_integral.pdf", "ementa": "INDICAM AO PREFEITO MUNICIPAL LA\u00c9RCIO MARCHINI, A NECESSIDADE DE PATROLAR E CASCALHAR AS RUAS E AVENIDAS DO CONJUNTO POPULAR CRISTO REDENTOR E CONJUNTO HABITACIONAL NOVA ESPERAN\u00c7A, NA SEDE DE CORUMBIARA."}, {"id": "41", "ano": "2017", "numero": "9", "tipo__sigla": "IND", "tipo__descricao": "Indica\u00e7\u00e3o", "autoria": "Jos\u00e9 Viola", "texto_original": "http://sapl.corumbiara.ro.leg.br/media/./sapl/public/materialegislativa/2017/41/41_texto_integral.pdf", "ementa": "INDICA AO PREFEITO MUNICIPAL LA\u00c9RCIO MARCHINI, A NECESSIDADE DE PROCEDER LIMPEZA DO DISTRITO DE ALTO GUARAJUS."}, {"id": "42", "ano": "2017", "numero": "10", "tipo__sigla": "IND", "tipo__descricao": "Indica\u00e7\u00e3o", "autoria": "Nei Moura", "texto_original": "http://sapl.corumbiara.ro.leg.br/media/./sapl/public/materialegislativa/2017/42/42_texto_integral.pdf", "ementa": "INDICA AO PREFEITO MUNICIPAL LA\u00c9RCIO MARCHINI, A NECESSIDADE DE PROCEDER LIMPEZA GERAL DO DISTRITO DE VIT\u00d3RIA DA UNI\u00c3O."}, {"id": "43", "ano": "2017", "numero": "11", "tipo__sigla": "IND", "tipo__descricao": "Indica\u00e7\u00e3o", "autoria": "Jos\u00e9 Viola", "texto_original": "http://sapl.corumbiara.ro.leg.br/media/./sapl/public/materialegislativa/2017/43/43_texto_integral.pdf", "ementa": "INDICA AO PREFEITO MUNICIPAL LA\u00c9RCIO MARCHINI, A NECESSIDADE DE PROCEDER \u00c0 RECUPERA\u00c7\u00c3O DE TODAS AS LINHAS E TRAVESS\u00d5ES DOS ASSENTAMENTOS: RENATO NATAN, Z\u00c9 BENT\u00c3O, ALZIRA E MARANAT\u00c1."}, {"id": "44", "ano": "2017", "numero": "12", "tipo__sigla": "IND", "tipo__descricao": "Indica\u00e7\u00e3o", "autoria": "DANIEL DA OBRA", "texto_original": "http://sapl.corumbiara.ro.leg.br/media/./sapl/public/materialegislativa/2017/44/44_texto_integral.pdf", "ementa": "INDICA AO PODER EXECUTIVO MUNICIPAL A DOA\u00c7\u00c3O DAS MADEIRAS DA ESCOLA DESATIVADA MONTE NEGRO \u00c0 COMUNIDADE S\u00c3O MARCOS E D\u00c1 OUTRAS PROVID\u00caNCIAS."}, {"id": "45", "ano": "2017", "numero": "13", "tipo__sigla": "IND", "tipo__descricao": "Indica\u00e7\u00e3o", "autoria": "TEREZINHA", "texto_original": "http://sapl.corumbiara.ro.leg.br/media/./sapl/public/materialegislativa/2017/45/45_texto_integral.pdf", "ementa": "INDICA AO PREFEITO MUNICIPAL LA\u00c9RCIO MARCHINI, A NECESSIDADE DE REALIZAR A LIMPEZA GERAL DO PARQUE DE EXPOSI\u00c7\u00c3O, LOCALIZADO NA SEDE DO MUNIC\u00cdPIO DE CORUMBIARA."}, {"id": "65", "ano": "2017", "numero": "14", "tipo__sigla": "IND", "tipo__descricao": "Indica\u00e7\u00e3o", "autoria": "Caverinha, JOSE CARLOS LEITERO", "texto_original": "http://sapl.corumbiara.ro.leg.br/media/./sapl/public/materialegislativa/2017/65/65_texto_integral.pdf", "ementa": "INDICA AO PODER EXECUTIVO MUNICIPAL A REALIZAR A DOA\u00c7\u00c3O/CONCESS\u00c3O DE USO DE 02 (DOIS) TERRENOS PARA ASSOCIA\u00c7\u00c3O AMIC (ASSOCIA\u00c7\u00c3O DA MELHOR IDADE DE CORUMBIARA)."}, {"id": "68", "ano": "2017", "numero": "15", "tipo__sigla": "IND", "tipo__descricao": "Indica\u00e7\u00e3o", "autoria": "EMERSON, Jos\u00e9 Viola", "texto_original": "http://sapl.corumbiara.ro.leg.br/media/./sapl/public/materialegislativa/2017/68/68_texto_integral.pdf", "ementa": "INDICA AO PREFEITO MUNICIPAL QUE PROCEDA A AUTORIZA\u00c7\u00c3O PARA A RETIRADA DAS TELHAS DA ESCOLA VITAL BRASIL PARA ESCOLA PROFESSOR DOMINGOS PEREIRA DA ROCHA."}, {"id": "69", "ano": "2017", "numero": "16", "tipo__sigla": "IND", "tipo__descricao": "Indica\u00e7\u00e3o", "autoria": "Nei Moura", "texto_original": "http://sapl.corumbiara.ro.leg.br/media/./sapl/public/materialegislativa/2017/69/69_texto_integral.pdf", "ementa": "INDICA AO PREFEITO MUNICIPAL LA\u00c9RCIO MARCHINI, A NECESSIDADE DE PROCEDER \u00c0 AQUISI\u00c7\u00c3O DE UMA LINHA TELEF\u00d4NICA PARA INSTALA\u00c7\u00c3O DE UM TELEFONE FIXO NO POSTO DE SA\u00daDE DO DISTRITO DE VIT\u00d3RIA DA UNI\u00c3O."}, {"id": "70", "ano": "2017", "numero": "17", "tipo__sigla": "IND", "tipo__descricao": "Indica\u00e7\u00e3o", "autoria": "Nei Moura", "texto_original": "http://sapl.corumbiara.ro.leg.br/media/./sapl/public/materialegislativa/2017/70/70_texto_integral.pdf", "ementa": "INDICA AO PREFEITO MUNICIPAL LA\u00c9RCIO MARCHINI PARA AUTORIZAR A EMPRESA QUE PRESTA SERVI\u00c7OS EL\u00c9TRICOS AO MUNIC\u00cdPIO PARA INSTALAR LUMIN\u00c1RIAS NO DISTRITO DE VIT\u00d3RIA DA UNI\u00c3O."}, {"id": "71", "ano": "2017", "numero": "18", "tipo__sigla": "IND", "tipo__descricao": "Indica\u00e7\u00e3o", "autoria": "", "texto_original": "http://sapl.corumbiara.ro.leg.br/media/./sapl/public/materialegislativa/2017/71/71_texto_integral.pdf", "ementa": "INDICA AO PREFEITO MUNICIPAL LA\u00c9RCIO MARCHINI, A NECESSIDADE DE RECUPERAR A PONTE DA LINHA 04, SENTIDO 02 B, SOBRE O RIO BOC\u00c3O, NO DISTRITO DE VIT\u00d3RIA DA UNI\u00c3O."}, {"id": "66", "ano": "2017", "numero": "19", "tipo__sigla": "IND", "tipo__descricao": "Indica\u00e7\u00e3o", "autoria": "TEREZINHA", "texto_original": "http://sapl.corumbiara.ro.leg.br/media/./sapl/public/materialegislativa/2017/66/66_texto_integral.pdf", "ementa": "INDICA AO PODER EXECUTIVO MUNICIPAL A HOMENAGEM A ADRIANO ROG\u00c9RIO ROSA DANDO AO EST\u00c1DIO MUNICIPAL O SEU NOME."}, {"id": "86", "ano": "2017", "numero": "20", "tipo__sigla": "IND", "tipo__descricao": "Indica\u00e7\u00e3o", "autoria": "TEREZINHA", "texto_original": "http://sapl.corumbiara.ro.leg.br/media/./sapl/public/materialegislativa/2017/86/86_texto_integral.pdf", "ementa": "INDICA AO PODER EXECUTIVO MUNICIPAL A RECUPERA\u00c7\u00c3O E CASCALHAMENTO NO TRAVESS\u00c3O DA LINHA 03 SENTIDO 02 FUNDI\u00c1RIA DO AEROPORTO."}, {"id": "87", "ano": "2017", "numero": "21", "tipo__sigla": "IND", "tipo__descricao": "Indica\u00e7\u00e3o", "autoria": "Jo\u00e3o Valad\u00e3o", "texto_original": "http://sapl.corumbiara.ro.leg.br/media/./sapl/public/materialegislativa/2017/87/87_texto_integral.pdf", "ementa": "INDICA AO PREFEITO MUNICIPAL LA\u00c9RCIO MARCHINI, A NECESSIDADE DE RECUPERAR A PONTE SOBRE O RIO CORUMBIARA, LOCALIZADA NA LINHA 05, NOVA F\u00c1TIMA, DA 3\u00ba PARA A 2\u00b0 EIXO."}, {"id": "89", "ano": "2017", "numero": "22", "tipo__sigla": "IND", "tipo__descricao": "Indica\u00e7\u00e3o", "autoria": "Caverinha, Jo\u00e3o Valad\u00e3o, JOSE CARLOS LEITERO", "texto_original": "http://sapl.corumbiara.ro.leg.br/media/./sapl/public/materialegislativa/2017/89/89_texto_integral.pdf", "ementa": "INDICA AO PODER EXECUTIVO MUNICIPAL QUE FA\u00c7A UM PROJETO DE LEI PROPONDO A ALTERA\u00c7\u00c3O DA LEI MUNICIPAL 912/2014, COM O FIM DE SE ABRANGER TODOS OS SERVIDORES ATIVOS."}, {"id": "90", "ano": "2017", "numero": "23", "tipo__sigla": "IND", "tipo__descricao": "Indica\u00e7\u00e3o", "autoria": "EMERSON, Jos\u00e9 Viola", "texto_original": "http://sapl.corumbiara.ro.leg.br/media/./sapl/public/materialegislativa/2017/90/90_texto_integral.pdf", "ementa": "INDICAM AO PREFEITO MUNICIPAL DE CORUMBIARA PARA ATRAV\u00c9S DA SECRET\u00c1RIA MUNICIPAL DE EDUCA\u00c7\u00c3O A NECESSIDADE DE CONSTRUIR UMA SUBESTA\u00c7\u00c3O EL\u00c9TRICA JUNTO \u00c0 ESCOLA PROFESSOR LUIZ BEVENOTO DALA COSTA, NO  DISTRITO DE ALTO GUARAJUS."}, {"id": "91", "ano": "2017", "numero": "24", "tipo__sigla": "IND", "tipo__descricao": "Indica\u00e7\u00e3o", "autoria": "EMERSON, Jos\u00e9 Viola", "texto_original": "http://sapl.corumbiara.ro.leg.br/media/./sapl/public/materialegislativa/2017/91/91_texto_integral.pdf", "ementa": "INDICAM AO PREFEITO MUNICIPAL DE CORUMBIARA PARA ATRAV\u00c9S DA SECRET\u00c1RIA MUNICIPAL DE EDUCA\u00c7\u00c3O A NECESSIDADE DE PROCEDER A PEQUENOS REPAROS NA ESCOLA PROFESSOR LUIZ BEVENOTO, NO DISTRITO DE ALTO GUARAJUS."}, {"id": "92", "ano": "2017", "numero": "25", "tipo__sigla": "IND", "tipo__descricao": "Indica\u00e7\u00e3o", "autoria": "TEREZINHA", "texto_original": "http://sapl.corumbiara.ro.leg.br/media/./sapl/public/materialegislativa/2017/92/92_texto_integral.pdf", "ementa": "INDICA AO PREFEITO MUNICIPAL LA\u00c9RCIO MARCHINI PARA CEDER AS INSTALA\u00c7\u00d5ES DO POSO DE SA\u00daDE DESATIVADO DO DISTRITO DE VERDE SERINGAL PARA A ASSOCIA\u00c7\u00c3O DOS PRODUTORES DE VERDE SERINGAL-ASPROVERDE, DEVIDAMENTE INSCRITA NO CNPJ N\u00b0 03.100.436/0001-40."}, {"id": "96", "ano": "2017", "numero": "26", "tipo__sigla": "IND", "tipo__descricao": "Indica\u00e7\u00e3o", "autoria": "Jos\u00e9 Viola", "texto_original": "http://sapl.corumbiara.ro.leg.br/media/./sapl/public/materialegislativa/2017/96/96_texto_integral.pdf", "ementa": "INDICA AO EXECUTIVO MUNICIPAL A RECUPERA\u00c7\u00c3O DE BUEIRO E CARREADOR NA LINHA 05 TERCEIRO PARA QUARTO EIXO E D\u00c1 OUTRAS PROVID\u00caNCIAS."}, {"id": "97", "ano": "2017", "numero": "27", "tipo__sigla": "IND", "tipo__descricao": "Indica\u00e7\u00e3o", "autoria": "Nei Moura", "texto_original": "http://sapl.corumbiara.ro.leg.br/media/./sapl/public/materialegislativa/2017/97/97_texto_integral.pdf", "ementa": "INDICA AO PODER EXECUTIVO MUNICIPAL A REFORMA DO POSTO DE SA\u00daDE DISTRITO DE VIT\u00d3RIA DA UNI\u00c3O E D\u00c1 OUTRAS PROVID\u00caNCIAS."}, {"id": "98", "ano": "2017", "numero": "28", "tipo__sigla": "IND", "tipo__descricao": "Indica\u00e7\u00e3o", "autoria": "EMERSON", "texto_original": "http://sapl.corumbiara.ro.leg.br/media/./sapl/public/materialegislativa/2017/98/98_texto_integral.pdf", "ementa": "INDICA AO PREFEITO MUNICIPAL DE CORUMBIARA PARA ATRAV\u00c9S DA SECRET\u00c1RIA MUNICIPAL DE AGRICULTURA PARA PROMOVER A CONSCIENTIZA\u00c7\u00c3O DOS AGRICULTORES PARA O PLANTIO DO CEF\u00c9, BEM COMO PROCEDER \u00c0 DISTRIBUI\u00c7\u00c3O DE MUDAS AOS INTERESSADOS."}, {"id": "104", "ano": "2017", "numero": "29", "tipo__sigla": "IND", "tipo__descricao": "Indica\u00e7\u00e3o", "autoria": "EMERSON", "texto_original": "http://sapl.corumbiara.ro.leg.br/media/./sapl/public/materialegislativa/2017/104/104_texto_integral.pdf", "ementa": "INDICA AO PREFEITO MUNICIPAL DE CORUMBIARA PARA ATRAV\u00c9S DA SECRET\u00c1RIA MUNICIPAL DE OBRAS PROCEDER A RECUPERA\u00c7\u00c3O DO TRAVESS\u00c3O DO SUCURI, LOCALIZADO NA LINHA 04 PARA A LINHA 05."}, {"id": "105", "ano": "2017", "numero": "30", "tipo__sigla": "IND", "tipo__descricao": "Indica\u00e7\u00e3o", "autoria": "EMERSON", "texto_original": "http://sapl.corumbiara.ro.leg.br/media/./sapl/public/materialegislativa/2017/105/105_texto_integral.pdf", "ementa": "INDICA AO DIRETOR ESTADUAL DO DER, SENHOR EZEQUIEL NEIVA DE CARVALHO, A NECESSIDADE DE CONFECCIONAR PLACAS DE SINALIZA\u00c7\u00c3O DE TR\u00c2NSITO, BEM COMO INSTAL\u00c1-LAS NOS PONTOS INDISPENS\u00c1VEIS AO LONGO DA BR-RO 370 A QUAL INTERLIGA CEREJEIRAS A CORUMBIARA, REFAZER A PINTURA DAS FAIXAS DE TR\u00c2NSITO NA RODOVIA, BEM COMO SINALIZAR TODA A AVENIDA IT\u00c1LIA CAUTIERO FRANCO, EM CORUMBIARA."}, {"id": "107", "ano": "2017", "numero": "31", "tipo__sigla": "IND", "tipo__descricao": "Indica\u00e7\u00e3o", "autoria": "Nei Moura", "texto_original": "http://sapl.corumbiara.ro.leg.br/media/./sapl/public/materialegislativa/2017/107/107_texto_integral.pdf", "ementa": "INDICA AO PODER EXECUTIVO MUNICIPAL A CONSTRU\u00c7\u00c3O DE UMA SUBESTA\u00c7\u00c3O NA ESCOLA DOMINGOS PEREIRA DA ROCHA DISTRITO DE VIT\u00d3RIA DA UNI\u00c3O E D\u00c1 OUTRAS PROVID\u00caNCIAS."}, {"id": "11", "ano": "2017", "numero": "32", "tipo__sigla": "IND", "tipo__descricao": "Indica\u00e7\u00e3o", "autoria": "Jo\u00e3o Valad\u00e3o", "texto_original": "http://sapl.corumbiara.ro.leg.br/media/./sapl/public/materialegislativa/2017/11/11_texto_integral.pdf", "ementa": "INDICA AO PREFEITO MUNICIPAL PARA ATRAV\u00c9S DA SECRETARIA DE OBRAS, REALIZAR A UMA BARREIRA DE CONTEN\u00c7\u00c3O DE AGUAS PARA AS MESMAS N\u00c3O ATINGIREM O ATERRO FEITO NO BAIX\u00c3O DO CARIJ\u00d3 NA LINHA TERCEIRA EIXO, ESQUINA COM 04. "}, {"id": "108", "ano": "2017", "numero": "33", "tipo__sigla": "IND", "tipo__descricao": "Indica\u00e7\u00e3o", "autoria": "BRANCA DA EMATER", "texto_original": "http://sapl.corumbiara.ro.leg.br/media/./sapl/public/materialegislativa/2017/108/108_texto_integral.pdf", "ementa": "INDICA AO PODER EXECUTIVO MUNICIPAL A CONSTRU\u00c7\u00c3O DE BUEIROS NA LINHA NELINHO ASSENTAMENTO ALZIRA."}, {"id": "124", "ano": "2017", "numero": "34", "tipo__sigla": "IND", "tipo__descricao": "Indica\u00e7\u00e3o", "autoria": "Jos\u00e9 Viola", "texto_original": "http://sapl.corumbiara.ro.leg.br/media/./sapl/public/materialegislativa/2017/124/124_texto_integral.pdf", "ementa": "INDICA AO PREFEITO MUNICIPAL LA\u00c9RCIO MARCHINI, A NECESSIDADE DE PROCEDER ABERTURA DE 2.700 METROS DE ESTRADA NA LINHA 99-A LOCALIZADA NO ASSENTAMENTO RENATO NATAN, PARTINDO DA PROPRIEDADE DO SR. MANOEL FIRMINO AT\u00c9 O SITIO DO SENHOR IZIEL."}, {"id": "125", "ano": "2017", "numero": "35", "tipo__sigla": "IND", "tipo__descricao": "Indica\u00e7\u00e3o", "autoria": "", "texto_original": "http://sapl.corumbiara.ro.leg.br/media/./sapl/public/materialegislativa/2017/125/125_texto_integral.pdf", "ementa": "INDICA AO PREFEITO MUNICIPAL LA\u00c9RCIO MARCHINI, A NECESSIDADE DE PROCEDER \u00c0 REABERTURA DA LINHA 04 PARA 4\u00ba EIXO PARA 5\u00ba EIXO, KM 14, SENTIDO TONINHO DA R\u00c1DIO."}, {"id": "129", "ano": "2017", "numero": "36", "tipo__sigla": "IND", "tipo__descricao": "Indica\u00e7\u00e3o", "autoria": "Jo\u00e3o Valad\u00e3o", "texto_original": "http://sapl.corumbiara.ro.leg.br/media/./sapl/public/materialegislativa/2017/129/129_texto_integral.pdf", "ementa": "INDICA AO PODER EXECUTIVO MUNICIPAL A LIMPEZA E MANUTEN\u00c7\u00c3O DO CEMIT\u00c9RIO DO DISTRITO DE RONDOL\u00c2NDIA."}, {"id": "130", "ano": "2017", "numero": "37", "tipo__sigla": "IND", "tipo__descricao": "Indica\u00e7\u00e3o", "autoria": "BRANCA DA EMATER", "texto_original": "http://sapl.corumbiara.ro.leg.br/media/./sapl/public/materialegislativa/2017/130/130_texto_integral.pdf", "ementa": "INDICA AO PODER EXECUTIVO MUNICIPAL A CONTRATA\u00c7\u00c3O DE UM FISIOTERAPEUTA PARA ATENDER A SECRETARIA MUNICIPAL DE SA\u00daDE."}, {"id": "131", "ano": "2017", "numero": "38", "tipo__sigla": "IND", "tipo__descricao": "Indica\u00e7\u00e3o", "autoria": "TEREZINHA", "texto_original": "http://sapl.corumbiara.ro.leg.br/media/./sapl/public/materialegislativa/2017/131/131_texto_integral.pdf", "ementa": "INDICA AO PODER EXECUTIVO MUNICIPAL A CONFEC\u00c7\u00c3O DE UM NOVO LETREIRO PARA O C.M.E.I JUSAIA MAIA DA SILVA."}, {"id": "145", "ano": "2017", "numero": "39", "tipo__sigla": "IND", "tipo__descricao": "Indica\u00e7\u00e3o", "autoria": "BRANCA DA EMATER", "texto_original": "http://sapl.corumbiara.ro.leg.br/media/./sapl/public/materialegislativa/2017/145/145_texto_integral.pdf", "ementa": "INDICA AO PREFEITO MUNICIPAL LA\u00c9RCIO MARCHINI, PARA DENOMINAR A PRA\u00c7A P\u00daBLICA DE CORUMBIARA COM O NOME: PRA\u00c7A EFIG\u00caNIO FRANCISCO."}, {"id": "146", "ano": "2017", "numero": "40", "tipo__sigla": "IND", "tipo__descricao": "Indica\u00e7\u00e3o", "autoria": "TEREZINHA", "texto_original": "http://sapl.corumbiara.ro.leg.br/media/./sapl/public/materialegislativa/2017/146/146_texto_integral.pdf", "ementa": "INDICA AO PREFEITO MUNICIPAL LA\u00c9RCIO MARCHINI PARA RECUPERAR O CARREADOR QUE D\u00c1 ACESSO \u00c0 PROPRIEDADE DA SENHORA IRACI RODRIGUES DOS SANTOS PRADO, SITUADA NO FINAL DA AVENIDA GUARAJUS, SITIO S\u00c3O MARTINS, SA\u00cdDA DE CORUMBIARA SENTIDO DE ALTO GUARAJUS."}, {"id": "153", "ano": "2017", "numero": "41", "tipo__sigla": "IND", "tipo__descricao": "Indica\u00e7\u00e3o", "autoria": "BRANCA DA EMATER", "texto_original": "http://sapl.corumbiara.ro.leg.br/media/./sapl/public/materialegislativa/2017/153/153_texto_integral.pdf", "ementa": "INDICA AO PODER EXECUTIVO MUNICIPAL PROVID\u00caNCIAS PARA MELHORAMENTO DAS ESTRADAS DO BAIRRO CRISTO REDENTOR DO NOSSO MUNIC\u00cdPIO."}, {"id": "154", "ano": "2017", "numero": "42", "tipo__sigla": "IND", "tipo__descricao": "Indica\u00e7\u00e3o", "autoria": "TEREZINHA", "texto_original": "http://sapl.corumbiara.ro.leg.br/media/./sapl/public/materialegislativa/2017/154/154_texto_integral.pdf", "ementa": "INDICA AO PODER EXECUTIVO MUNICIPAL A RECUPERA\u00c7\u00c3O DOS PONTOS CR\u00cdTICOS COM CASCALHAMENTO DA RUA JOS\u00c9 ROBERTO, LOCALIZADA NO PER\u00cdMETRO URBANO DE CORUMBIARA."}, {"id": "155", "ano": "2017", "numero": "43", "tipo__sigla": "IND", "tipo__descricao": "Indica\u00e7\u00e3o", "autoria": "Nei Moura", "texto_original": "http://sapl.corumbiara.ro.leg.br/media/./sapl/public/materialegislativa/2017/155/155_texto_integral.pdf", "ementa": "INDICA AO PODER EXECUTIVO MUNICIPAL A RECUPERA\u00c7\u00c3O DOS PONTOS CR\u00cdTICOS COM CASCALHAMENTO DAS SEGUINTES LOCALIDADES: LINHA 04 E 02 B E ENTRADA DO DISTRITO DE VIT\u00d3RIA DA UNI\u00c3O."}, {"id": "156", "ano": "2017", "numero": "44", "tipo__sigla": "IND", "tipo__descricao": "Indica\u00e7\u00e3o", "autoria": "TEREZINHA, Jo\u00e3o Valad\u00e3o, Jos\u00e9 Viola", "texto_original": "http://sapl.corumbiara.ro.leg.br/media/./sapl/public/materialegislativa/2017/156/156_texto_integral.pdf", "ementa": "INDICA AO PODER EXECUTIVO MUNICIPAL A RECUPERA\u00c7\u00c3O DOS PONTOS CR\u00cdTICOS DA LINHA 05-NOVA F\u00c1TIMA, RUMO AO SERINGAL COM CASCALHAMENTO, DESOBSTRU\u00c7\u00c3O DE BUEIROS E PRANCHEAMENTO DE PONTE."}, {"id": "157", "ano": "2017", "numero": "45", "tipo__sigla": "IND", "tipo__descricao": "Indica\u00e7\u00e3o", "autoria": "Jos\u00e9 Viola, TEREZINHA", "texto_original": "http://sapl.corumbiara.ro.leg.br/media/./sapl/public/materialegislativa/2017/157/157_texto_integral.pdf", "ementa": "INDICA AO PODER EXECUTIVO MUNICIPAL A RECUPERA\u00c7\u00c3O DOS PONTOS CR\u00cdTICOS DA RUA GERALDO BIEZECK E JOSE NUNES FILHO."}, {"id": "158", "ano": "2017", "numero": "46", "tipo__sigla": "IND", "tipo__descricao": "Indica\u00e7\u00e3o", "autoria": "JOSE CARLOS LEITERO", "texto_original": "http://sapl.corumbiara.ro.leg.br/media/./sapl/public/materialegislativa/2017/158/158_texto_integral.pdf", "ementa": "INDICA AO PODER EXECUTIVO MUNICIPAL A RECUPERA\u00c7\u00c3O DE UMA PONTE NA LINHA 02, 3\u00ba PARA A 4\u00ba."}, {"id": "73", "ano": "2017", "numero": "1", "tipo__sigla": "DL", "tipo__descricao": "DECRETO LEGISLATIVO", "autoria": "Caverinha, DANIEL DA OBRA, Nei Moura, TEREZINHA", "texto_original": "http://sapl.corumbiara.ro.leg.br/media/./sapl/public/materialegislativa/2017/73/73_texto_integral.pdf", "ementa": "DISP\u00d5E SOBRE A APROVA\u00c7\u00c3O DAS CONTAS DO MUNIC\u00cdPIO DE CORUMBIARA RELATIVO AO EXERC\u00cdCIO DE 2015, E DA OUTRAS PROVID\u00caNCIAS."}, {"id": "75", "ano": "2017", "numero": "2", "tipo__sigla": "DL", "tipo__descricao": "DECRETO LEGISLATIVO", "autoria": "Caverinha, DANIEL DA OBRA, Nei Moura, TEREZINHA", "texto_original": "http://sapl.corumbiara.ro.leg.br/media/./sapl/public/materialegislativa/2017/75/75_texto_integral.pdf", "ementa": "DISP\u00d5E SOBRE O ACESSO P\u00daBLICO A INFORMA\u00c7\u00d5ES DA C\u00c2MARA MUNICIPAL DE CORUMBIARA, EM CUMPRIMENTO \u00c0 LEI FEDERAL N\u00b0 12.527, DE 18 DE NOVEMBRO DE 2011."}, {"id": "117", "ano": "2017", "numero": "1", "tipo__sigla": "EM", "tipo__descricao": "EMENDA MODIFICATIVA", "autoria": "La\u00e9rcio Marcini", "texto_original": "http://sapl.corumbiara.ro.leg.br/media/./sapl/public/materialegislativa/2017/117/117_texto_integral.pdf", "ementa": "ALTERA O TEXTO DO PARAGRAFO 1\u00b0 DO ARTIGO 1\u00b0, DO PROJETO DE LEI 003/2017, DE AUTORIA DO CHEFE DO PODER EXECUTIVO MUNICIPAL, QUE DISP\u00d5E SOBRE A MANUTEN\u00c7\u00c3O DE LIMPEZA EM TERRENOS URBANOS NO MUNIC\u00cdPIO DE CORUMBIARA/RO E D\u00c1 OUTRAS PROVID\u00caNCIAS."}, {"id": "58", "ano": "2017", "numero": "67", "tipo__sigla": "LC", "tipo__descricao": "LEI COMPLEMENTAR MUNICIPAL", "autoria": "La\u00e9rcio Marcini", "texto_original": "http://sapl.corumbiara.ro.leg.br/media/./sapl/public/materialegislativa/2017/58/58_texto_integral.pdf", "ementa": "DISP\u00d5E SOBRE A CONCESS\u00c3O, O PROCEDIMENTO E A PRESTA\u00c7\u00c3O DE CONTAS DE DI\u00c1RIAS AOS MEMBROS E SERVIDORES DO PODER LEGISLATIVO DO MUNIC\u00cdPIO DE CORUMBIARA (RO)."}, {"id": "35", "ano": "2017", "numero": "1", "tipo__sigla": "LE", "tipo__descricao": "LEI ORDINARIA", "autoria": "La\u00e9rcio Marcini", "texto_original": "http://sapl.corumbiara.ro.leg.br/media/./sapl/public/materialegislativa/2017/35/35_texto_integral.pdf", "ementa": "DISP\u00d5E SOBRE A ABERTURA DE CR\u00c9DITO ESPECIAL, E D\u00c1 OUTRAS PROVID\u00caNCIAS."}, {"id": "36", "ano": "2017", "numero": "1052", "tipo__sigla": "LE", "tipo__descricao": "LEI ORDINARIA", "autoria": "La\u00e9rcio Marcini", "texto_original": "http://sapl.corumbiara.ro.leg.br/media/./sapl/public/materialegislativa/2017/36/36_texto_integral.pdf", "ementa": "DISP\u00d5E SOBRE A ABERTURA DE CR\u00c9DITO ADICIONAL ESPECIAL, E D\u00c1 OUTRAS PROVID\u00caNCIAS."}, {"id": "56", "ano": "2017", "numero": "1054", "tipo__sigla": "LE", "tipo__descricao": "LEI ORDINARIA", "autoria": "La\u00e9rcio Marcini", "texto_original": "http://sapl.corumbiara.ro.leg.br/media/./sapl/public/materialegislativa/2017/56/56_texto_integral.pdf", "ementa": "DISP\u00d5E SOBRE A ABERTURA DE CR\u00c9DITO ESPECIAL ADICIONAL ESPECIAL, E D\u00c1 OUTRAS PROVID\u00caNCIAS."}, {"id": "47", "ano": "2017", "numero": "1055", "tipo__sigla": "LE", "tipo__descricao": "LEI ORDINARIA", "autoria": "La\u00e9rcio Marcini", "texto_original": "http://sapl.corumbiara.ro.leg.br/media/./sapl/public/materialegislativa/2017/47/47_texto_integral.pdf", "ementa": "DISP\u00d5E SOBRE A MANUTEN\u00c7\u00c3O DA LIMPEZA EM TERRENOS URBANOS NO MUNIC\u00cdPIO DE CORUMBIARA/RO E D\u00c1 OUTRAS PROVID\u00caNCIAS."}, {"id": "121", "ano": "2017", "numero": "1056", "tipo__sigla": "LE", "tipo__descricao": "LEI ORDINARIA", "autoria": "", "texto_original": "http://sapl.corumbiara.ro.leg.br/media/./sapl/public/materialegislativa/2017/121/121_texto_integral.pdf", "ementa": "DISP\u00d5E SOBRE AS DIRETRIZES PARA A ELABORA\u00c7\u00c3O OR\u00c7AMENTARIA DO EXERC\u00cdCIO DE 2018 E D\u00c1 OUTRAS PROVIDENCIAS."}, {"id": "102", "ano": "2017", "numero": "1057", "tipo__sigla": "LE", "tipo__descricao": "LEI ORDINARIA", "autoria": "Nei Moura", "texto_original": "http://sapl.corumbiara.ro.leg.br/media/./sapl/public/materialegislativa/2017/102/102_texto_integral.pdf", "ementa": "INSTITUI FUNDO ESPECIAL DA C\u00c2MARA MUNICIPAL DE CORUMBIARA (RO)- FECMC."}, {"id": "77", "ano": "2017", "numero": "1058", "tipo__sigla": "LE", "tipo__descricao": "LEI ORDINARIA", "autoria": "La\u00e9rcio Marcini", "texto_original": "http://sapl.corumbiara.ro.leg.br/media/./sapl/public/materialegislativa/2017/77/77_texto_integral.pdf", "ementa": "DISP\u00d5E SOBRE AUTORIZA\u00c7\u00c3O PARA ABERTURA DE CR\u00c9DITO ADICIONAL ESPECIAL, E D\u00c1 OUTRAS PROVID\u00caNCIAS."}, {"id": "79", "ano": "2017", "numero": "1059", "tipo__sigla": "LE", "tipo__descricao": "LEI ORDINARIA", "autoria": "La\u00e9rcio Marcini", "texto_original": "http://sapl.corumbiara.ro.leg.br/media/./sapl/public/materialegislativa/2017/79/79_texto_integral.pdf", "ementa": "DISP\u00d5E SOBRE A ABERTURA DE CR\u00c9DITO ADICIONAL ESPECIAL E D\u00c1 OUTRAS PROVID\u00caNCIAS."}, {"id": "81", "ano": "2017", "numero": "1060", "tipo__sigla": "LE", "tipo__descricao": "LEI ORDINARIA", "autoria": "La\u00e9rcio Marcini", "texto_original": "http://sapl.corumbiara.ro.leg.br/media/./sapl/public/materialegislativa/2017/81/81_texto_integral.pdf", "ementa": "DISP\u00d5E SOBRE A ABERTURA DE CR\u00c9DITO ADICIONAL ESPECIAL, E D\u00c1 OUTRAS PROVID\u00caNCIAS."}, {"id": "83", "ano": "2017", "numero": "1061", "tipo__sigla": "LE", "tipo__descricao": "LEI ORDINARIA", "autoria": "La\u00e9rcio Marcini", "texto_original": "http://sapl.corumbiara.ro.leg.br/media/./sapl/public/materialegislativa/2017/83/83_texto_integral.pdf", "ementa": "DISP\u00d5E SOBRE A ABERTURA DE CR\u00c9DITO ADICIONAL SUPLEMENTAR, E D\u00c1 OUTRAS PROVID\u00caNCIAS."}, {"id": "85", "ano": "2017", "numero": "1062", "tipo__sigla": "LE", "tipo__descricao": "LEI ORDINARIA", "autoria": "La\u00e9rcio Marcini", "texto_original": "http://sapl.corumbiara.ro.leg.br/media/./sapl/public/materialegislativa/2017/85/85_texto_integral.pdf", "ementa": "DISP\u00d5E SOBRE A ABERTURA DE CR\u00c9DITO ADICIONAL ESPECIAL, E D\u00c1 OUTRAS PROVID\u00caNCIAS."}, {"id": "59", "ano": "2017", "numero": "1", "tipo__sigla": "MA", "tipo__descricao": "MO\u00c7\u00c3O DE APLAUSOS", "autoria": "BRANCA DA EMATER", "texto_original": "http://sapl.corumbiara.ro.leg.br/media/./sapl/public/materialegislativa/2017/59/59_texto_integral.pdf", "ementa": "CONCEDE AO SENHOR PEDRO PAULO DE SOUZA MO\u00c7\u00c3O DE APLAUSO EM HOMENAGEM AO DIA DO TRABALHADOR COMEMORADO EM PRIMEIRO DE MAIO."}, {"id": "60", "ano": "2017", "numero": "2", "tipo__sigla": "MA", "tipo__descricao": "MO\u00c7\u00c3O DE APLAUSOS", "autoria": "TEREZINHA", "texto_original": "http://sapl.corumbiara.ro.leg.br/media/./sapl/public/materialegislativa/2017/60/60_texto_integral.pdf", "ementa": "CONCEDE A SENHORA MARIA LOUREN\u00c7O DA SILVA MO\u00c7\u00c3O DE APLAUSO EM HOMENAGEM AO DIA DAS M\u00c3ES COMEMORADO NO SEGUNDO DOMINGO DO M\u00caS DE MAIO."}, {"id": "126", "ano": "2017", "numero": "3", "tipo__sigla": "MA", "tipo__descricao": "MO\u00c7\u00c3O DE APLAUSOS", "autoria": "TEREZINHA", "texto_original": "http://sapl.corumbiara.ro.leg.br/media/./sapl/public/materialegislativa/2017/126/126_texto_integral.pdf", "ementa": "CONCEDE A PE. MARCELO MIQUELIN, MO\u00c7\u00c3O DE APLAUSO EM AGRADECIMENTO PELO VALIOSO TRABALHO REALIZADO COMO P\u00c1ROCO DA PAR\u00d3QUIA NOSSA SENHORA DO PERP\u00c9TUO SOCORRO, MUNIC\u00cdPIO DE CORUMBIARA-RO."}, {"id": "106", "ano": "2017", "numero": "1", "tipo__sigla": "MP", "tipo__descricao": "MO\u00c7\u00c3O DE PESAR", "autoria": "Caverinha, BRANCA DA EMATER, DANIEL DA OBRA, EMERSON, Jo\u00e3o Valad\u00e3o, JOSE CARLOS LEITERO, Jos\u00e9 Viola, Nei Moura, TEREZINHA", "texto_original": "http://sapl.corumbiara.ro.leg.br/media/./sapl/public/materialegislativa/2017/106/106_texto_integral.pdf", "ementa": "PESAR DE FALECIMENTO DE HUELINTON LOPES SOARES."}, {"id": "48", "ano": "2017", "numero": "1", "tipo__sigla": "PC", "tipo__descricao": "PRESTA\u00c7\u00c3O DE CONTAS", "autoria": "", "texto_original": "http://sapl.corumbiara.ro.leg.br/media/./sapl/public/materialegislativa/2017/48/48_texto_integral.pdf", "ementa": "PRESTA\u00c7\u00c3O DE CONTAS DO EXECUTIVO MUNICIPAL DE CORUMBIARA REFERENTE AO EXERC\u00cdCIO DE 2015 DE RESPONSABILIDADE DE SENHOR DEOCLECIANO FERREIRA FILHO."}, {"id": "72", "ano": "2017", "numero": "1", "tipo__sigla": "PDL", "tipo__descricao": "Projeto de Decreto Legislativo", "autoria": "COFOSP - Comiss\u00e3o de Finan\u00e7as Or\u00e7. Obras e Serv. P\u00fablicos", "texto_original": "http://sapl.corumbiara.ro.leg.br/media/./sapl/public/materialegislativa/2017/72/72_texto_integral.pdf", "ementa": "DISP\u00d5E SOBRE APROVA\u00c7\u00c3O DAS CONTAS DO MUNIC\u00cdPIO DE CORUMBIARA RELATIVO AO EXERC\u00cdCIO DE 2015, E DA OUTRAS PROVID\u00caNCIAS."}, {"id": "10", "ano": "2017", "numero": "2", "tipo__sigla": "PDL", "tipo__descricao": "Projeto de Decreto Legislativo", "autoria": "Caverinha", "texto_original": "http://sapl.corumbiara.ro.leg.br/media/./sapl/public/materialegislativa/2017/10/10_texto_integral.docx", "ementa": "DISP\u00d5E SOBRE O ACESSO P\u00daBLICO A INFORMA\u00c7\u00d5ES DA C\u00c2MARA MUNICIPAL DE CORUMBIARA, EM CUMPRIMENTO \u00c0 LEI FEDERAL N\u00ba 12.527, DE 18 DE NOVEMBRO DE 2011."}, {"id": "13", "ano": "2017", "numero": "1", "tipo__sigla": "REQ", "tipo__descricao": "Requerimento", "autoria": "", "texto_original": "http://sapl.corumbiara.ro.leg.br/media/./sapl/public/materialegislativa/2017/13/13_texto_integral.pdf", "ementa": "REQUER DO EXECUTIVO MUNICIPAL QUE POR INTERM\u00c9DIO DA SECRETARIA MUNICIPAL DE EDUCA\u00c7\u00c3O, INFORME ACERCA DO IN\u00cdCIO DAS AULAS NO DISTRITO DE ALTO GUARAJUS."}, {"id": "14", "ano": "2017", "numero": "2", "tipo__sigla": "REQ", "tipo__descricao": "Requerimento", "autoria": "", "texto_original": "http://sapl.corumbiara.ro.leg.br/media/./sapl/public/materialegislativa/2017/14/14_texto_integral.pdf", "ementa": "REQUER DO EXECUTIVO MUNICIPAL INFORMA\u00c7\u00d5ES ACERCA DA MERENDA ESCOLAR NAS ESCOLAS MUNICIPAIS DE CORUMBIARA."}, {"id": "15", "ano": "2017", "numero": "3", "tipo__sigla": "REQ", "tipo__descricao": "Requerimento", "autoria": "", "texto_original": "http://sapl.corumbiara.ro.leg.br/media/./sapl/public/materialegislativa/2017/15/15_texto_integral.pdf", "ementa": "REQUER DO EXECUTIVO MUNICIPAL INFORMA\u00c7\u00d5ES ACERCA DA ALIMENTA\u00c7\u00c3O NA UNIDADE MISTA DE SA\u00daDE DO MUNIC\u00cdPIO DE CORUMBIARA - RO."}, {"id": "19", "ano": "2017", "numero": "4", "tipo__sigla": "REQ", "tipo__descricao": "Requerimento", "autoria": "", "texto_original": "http://sapl.corumbiara.ro.leg.br/media/./sapl/public/materialegislativa/2017/19/19_texto_integral.pdf", "ementa": "REQUER DO EXECUTIVO MUNICIPAL INFORMA\u00c7\u00d5ES ACERCA DAS PROVID\u00caNCIAS ADOTADA PARA A EXECU\u00c7\u00c3O DA LEI MUNICIPAL N\u00b0979 DE 06 DE JULHO DE 2015."}, {"id": "24", "ano": "2017", "numero": "5", "tipo__sigla": "REQ", "tipo__descricao": "Requerimento", "autoria": "EMERSON", "texto_original": "http://sapl.corumbiara.ro.leg.br/media/./sapl/public/materialegislativa/2017/24/24_texto_integral.pdf", "ementa": "REQUER DO PRESIDENTE DA C\u00c2MARA MUNICIPAL DE CORUMBIARA A INSTITUI\u00c7\u00c3O DE COMISS\u00c3O PARA AVERIGUAR POSS\u00cdVEIS IRREGULARIDADES DA SEMED"}, {"id": "27", "ano": "2017", "numero": "6", "tipo__sigla": "REQ", "tipo__descricao": "Requerimento", "autoria": "TEREZINHA", "texto_original": "http://sapl.corumbiara.ro.leg.br/media/./sapl/public/materialegislativa/2017/27/27_texto_integral.pdf", "ementa": "REQUER DO SOBERANO PLEN\u00c1RIO APROVA\u00c7\u00c3O DE JUSTIFICATIVA DE FALTA NA 5\u00ba SESS\u00c3O ORDIN\u00c1RIA OCORRIDA NO DIA 20 DE MAR\u00c7O DE 2017."}, {"id": "28", "ano": "2017", "numero": "7", "tipo__sigla": "REQ", "tipo__descricao": "Requerimento", "autoria": "Jo\u00e3o Valad\u00e3o", "texto_original": "http://sapl.corumbiara.ro.leg.br/media/./sapl/public/materialegislativa/2017/28/28_texto_integral.pdf", "ementa": "REQUER DO SOBERANO PLEN\u00c1RIO APROVA\u00c7\u00c3O DE JUSTIFICATIVA DE FALTA NA 4\u00ba SESS\u00c3O ORDIN\u00c1RIA OCORRIDA NO DIA 13 DE MAR\u00c7O DE 2017"}, {"id": "29", "ano": "2017", "numero": "8", "tipo__sigla": "REQ", "tipo__descricao": "Requerimento", "autoria": "JOSE CARLOS LEITERO", "texto_original": "http://sapl.corumbiara.ro.leg.br/media/./sapl/public/materialegislativa/2017/29/29_texto_integral.pdf", "ementa": "REQUER DO SOBERANO PLEN\u00c1RIO APROVA\u00c7\u00c3O DE JUSTIFICATIVA DE FALTA NA 4 \u00ba SESS\u00c3O ORDIN\u00c1RIA OCORRIDA NO DIA 13 DE MAR\u00c7A DE 2017."}, {"id": "30", "ano": "2017", "numero": "9", "tipo__sigla": "REQ", "tipo__descricao": "Requerimento", "autoria": "DANIEL DA OBRA", "texto_original": "http://sapl.corumbiara.ro.leg.br/media/./sapl/public/materialegislativa/2017/30/30_texto_integral.pdf", "ementa": "REQUER DO SOBERANO PLEN\u00c1RIO APROVA\u00c7\u00c3O DE JUSTIFICATIVA DE FALTA NA 4\u00ba SESS\u00c3O ORDIN\u00c1RIA OCORRIDA NO DIA 13 DE MAR\u00c7O DE 2017."}, {"id": "31", "ano": "2017", "numero": "10", "tipo__sigla": "REQ", "tipo__descricao": "Requerimento", "autoria": "", "texto_original": "http://sapl.corumbiara.ro.leg.br/media/./sapl/public/materialegislativa/2017/31/31_texto_integral.pdf", "ementa": "REQUER DO SOBERANO PLEN\u00c1RIO APROVA\u00c7\u00c3O DE JUSTIFICATIVA DE FALTA NA 4\u00ba SESS\u00c3O ORDIN\u00c1RIA OCORRIDA NO DIA 13 DE MAR\u00c7O DE 2017."}, {"id": "50", "ano": "2017", "numero": "11", "tipo__sigla": "REQ", "tipo__descricao": "Requerimento", "autoria": "Nei Moura", "texto_original": "http://sapl.corumbiara.ro.leg.br/media/./sapl/public/materialegislativa/2017/50/50_texto_integral.pdf", "ementa": "REQUER DO SOBERANO PLEN\u00c1RIO APROVA\u00c7\u00c3O DE JUSTIFICATIVA DE FALTA NA 5\u00ba SESS\u00c3O ORDIN\u00c1RIA OCORRIDA NO DIA 20 MAR\u00c7O DE 2017."}, {"id": "51", "ano": "2017", "numero": "12", "tipo__sigla": "REQ", "tipo__descricao": "Requerimento", "autoria": "EMERSON", "texto_original": "http://sapl.corumbiara.ro.leg.br/media/./sapl/public/materialegislativa/2017/51/51_texto_integral.pdf", "ementa": "REQUER DO SOBERANO PLEN\u00c1RIO APROVA\u00c7\u00c3O DE JUSTIFICATIVA DE FALTA NA 6\u00ba SESS\u00c3O ORDIN\u00c1RIA OCORRIDA NOS DIAS 27 A 29 DE MAR\u00c7O DE 2017."}, {"id": "52", "ano": "2017", "numero": "13", "tipo__sigla": "REQ", "tipo__descricao": "Requerimento", "autoria": "Jos\u00e9 Viola", "texto_original": "http://sapl.corumbiara.ro.leg.br/media/./sapl/public/materialegislativa/2017/52/52_texto_integral.pdf", "ementa": "REQUER DO SOBERANO PLEN\u00c1RIO APROVA\u00c7\u00c3O DE JUSTIFICATIVA DE FALTA NA 6\u00ba SESS\u00c3O ORDIN\u00c1RIA OCORRIDA NOS DIAS 27 A 29 DE MAR\u00c7O DE 2017."}, {"id": "53", "ano": "2017", "numero": "14", "tipo__sigla": "REQ", "tipo__descricao": "Requerimento", "autoria": "BRANCA DA EMATER", "texto_original": "http://sapl.corumbiara.ro.leg.br/media/./sapl/public/materialegislativa/2017/53/53_texto_integral.pdf", "ementa": "REQUER DO SOBERANO PLEN\u00c1RIO APROVA\u00c7\u00c3O DE JUSTIFICATIVA DE FALTA NA 6\u00ba SESS\u00c3O ORDIN\u00c1RIA OCORRIDA NOS DIAS 27 E 29 DE MAR\u00c7O DE 2017."}, {"id": "54", "ano": "2017", "numero": "15", "tipo__sigla": "REQ", "tipo__descricao": "Requerimento", "autoria": "Jo\u00e3o Valad\u00e3o", "texto_original": "http://sapl.corumbiara.ro.leg.br/media/./sapl/public/materialegislativa/2017/54/54_texto_integral.pdf", "ementa": "REQUER DO SOBERANO PLEN\u00c1RIO APROVA\u00c7\u00c3O DE JUSTIFICATIVA DE FALTA NA 7\u00ba SESS\u00c3O ORDIN\u00c1RIA OCORRIDA NO DIA 03 DE ABRIL DE 2017"}, {"id": "61", "ano": "2017", "numero": "16", "tipo__sigla": "REQ", "tipo__descricao": "Requerimento", "autoria": "Nei Moura", "texto_original": "http://sapl.corumbiara.ro.leg.br/media/./sapl/public/materialegislativa/2017/61/61_texto_integral.pdf", "ementa": "REQUER DO SOBERANO PLEN\u00c1RIO APROVA\u00c7\u00c3O DE JUSTIFICATIVA DE FALTA NA 11\u00ba SESS\u00c3O ORDIN\u00c1RIA DE 2017."}, {"id": "62", "ano": "2017", "numero": "17", "tipo__sigla": "REQ", "tipo__descricao": "Requerimento", "autoria": "TEREZINHA", "texto_original": "http://sapl.corumbiara.ro.leg.br/media/./sapl/public/materialegislativa/2017/62/62_texto_integral.pdf", "ementa": "REQUER APROVA\u00c7\u00c3O DE JUSTIFICATIVA DE FALTA EM SESS\u00c3O DO DIA 05 DE MAIO 2017."}, {"id": "67", "ano": "2017", "numero": "18", "tipo__sigla": "REQ", "tipo__descricao": "Requerimento", "autoria": "DANIEL DA OBRA", "texto_original": "http://sapl.corumbiara.ro.leg.br/media/./sapl/public/materialegislativa/2017/67/67_texto_integral.pdf", "ementa": "REQUER DO SOBERANO PLEN\u00c1RIO APROVA\u00c7\u00c3O DE JUSTIFICATIVA DE FALTA NA 12\u00ba SESS\u00c3O ORDIN\u00c1RIA DE 2017."}, {"id": "74", "ano": "2017", "numero": "19", "tipo__sigla": "REQ", "tipo__descricao": "Requerimento", "autoria": "EMERSON", "texto_original": "http://sapl.corumbiara.ro.leg.br/media/./sapl/public/materialegislativa/2017/74/74_texto_integral.pdf", "ementa": "CONVOCA O CHEFE DO PODER EXECUTIVO MUNICIPAL NOS TERMOS DO ARTIGO 82 E 83 DO REGIMENTO INTERNO PARA PRESTAR ESCLARECIMENTOS JUNTO AO PLEN\u00c1RIO DO PODER LEGISLATIVO."}, {"id": "88", "ano": "2017", "numero": "20", "tipo__sigla": "REQ", "tipo__descricao": "Requerimento", "autoria": "EMERSON", "texto_original": "http://sapl.corumbiara.ro.leg.br/media/./sapl/public/materialegislativa/2017/88/88_texto_integral.pdf", "ementa": "REQUER APROVA\u00c7\u00c3O DE JUSTIFICATIVA DE FALTA EM SESS\u00c3O ORDIN\u00c1RIA DO DIA 23 DE JUNHO DE 2017."}, {"id": "93", "ano": "2017", "numero": "21", "tipo__sigla": "REQ", "tipo__descricao": "Requerimento", "autoria": "BRANCA DA EMATER", "texto_original": "http://sapl.corumbiara.ro.leg.br/media/./sapl/public/materialegislativa/2017/93/93_texto_integral.pdf", "ementa": "REQUER DO SOBERANO PLEN\u00c1RIO APROVA\u00c7\u00c3O DE JUSTIFICATIVA DE FALTA NA 17\u00ba E 18\u00ba SESS\u00d5ES ORDIN\u00c1RIAS OCORRIDAS NOS DIAS 23 E 30 DE JUNHO DE 2017."}, {"id": "94", "ano": "2017", "numero": "22", "tipo__sigla": "REQ", "tipo__descricao": "Requerimento", "autoria": "EMERSON", "texto_original": "http://sapl.corumbiara.ro.leg.br/media/./sapl/public/materialegislativa/2017/94/94_texto_integral.pdf", "ementa": "REQUER DO PREFEITO MUNICIPAL C\u00d3PIA DO LIVRO DE PROTOCOLO, CONTENDO A EMENTA DE TODOS OS DOCUMENTOS EXPEDIDOS, RECEBIDOS E PROCESSOS ABERTOS DE JANEIRO A AGOSTO DE 2017."}, {"id": "95", "ano": "2017", "numero": "23", "tipo__sigla": "REQ", "tipo__descricao": "Requerimento", "autoria": "Caverinha, BRANCA DA EMATER, JOSE CARLOS LEITERO", "texto_original": "http://sapl.corumbiara.ro.leg.br/media/./sapl/public/materialegislativa/2017/95/95_texto_integral.pdf", "ementa": "REQUER DO CHEFE DO PODER EXECUTIVO MUNICIPAL PROVID\u00caNCIAS QUANTO A CONTRATA\u00c7\u00c3O DE UM CAMINH\u00c3O PIPA E D\u00c1 OUTRAS PROVID\u00caNCIAS."}, {"id": "103", "ano": "2017", "numero": "24", "tipo__sigla": "REQ", "tipo__descricao": "Requerimento", "autoria": "Caverinha", "texto_original": "http://sapl.corumbiara.ro.leg.br/media/./sapl/public/materialegislativa/2017/103/103_texto_integral.pdf", "ementa": "CONVOCA A SECRET\u00c1RIA MUNICIPAL DE ASSIST\u00caNCIA SOCIAL NOS TERMOS DO ARTIGO 82 PARAGRAFO \u00daNICO DO REGIMENTO INTERNO COMBINADO COM O ART. 13, INCISO XX, E 30 E INCISO I DA L.O.M PARA PRESTAR ESCLARECIMENTOS JUNTO AO PLEN\u00c1RIO DO PODER LEGISLATIVO."}, {"id": "113", "ano": "2017", "numero": "25", "tipo__sigla": "REQ", "tipo__descricao": "Requerimento", "autoria": "Caverinha", "texto_original": "http://sapl.corumbiara.ro.leg.br/media/./sapl/public/materialegislativa/2017/113/113_texto_integral.pdf", "ementa": "REQUER DO SOBERANO PLEN\u00c1RIO APROVA\u00c7\u00c3O PARA INSER\u00c7\u00c3O DE PROJETO DE LEI N\u00b0 018/2017 PARA LEITURA NA PAUTA DA 24\u00ba SESS\u00c3O ORDIN\u00c1RIA DE 08 DE SETEMBRO DE 2017, EM VIRTUDE DA URG\u00caNCIA E RELEV\u00c2NCIA DA MAT\u00c9RIA."}, {"id": "128", "ano": "2017", "numero": "26", "tipo__sigla": "REQ", "tipo__descricao": "Requerimento", "autoria": "BRANCA DA EMATER, DANIEL DA OBRA, EMERSON, Jos\u00e9 Viola", "texto_original": "http://sapl.corumbiara.ro.leg.br/media/./sapl/public/materialegislativa/2017/128/128_texto_integral.pdf", "ementa": "REQUER DO PRESIDENTE DO LEGISLATIVO A INSTAURA\u00c7\u00c3O DE UMA COMISS\u00c3O DE VEREADORES PARA FAZER LEVANTAMENTO DE BENS DAS SECRETARIAS MUNICIPAIS."}, {"id": "133", "ano": "2017", "numero": "27", "tipo__sigla": "REQ", "tipo__descricao": "Requerimento", "autoria": "Caverinha", "texto_original": "http://sapl.corumbiara.ro.leg.br/media/./sapl/public/materialegislativa/2017/133/133_texto_integral.pdf", "ementa": "REQUER DO SOBERANO PLEN\u00c1RIO APROVA\u00c7\u00c3O DE JUSTIFICATIVA DE FALTA NA 26\u00b0 SESS\u00c3O ORDIN\u00c1RIA DE 2017."}, {"id": "134", "ano": "2017", "numero": "28", "tipo__sigla": "REQ", "tipo__descricao": "Requerimento", "autoria": "DANIEL DA OBRA", "texto_original": "http://sapl.corumbiara.ro.leg.br/media/./sapl/public/materialegislativa/2017/134/134_texto_integral.pdf", "ementa": "REQUER DO SOBERANO PLEN\u00c1RIO APROVA\u00c7\u00c3O DE JUSTIFICATIVA DE FALTA NA 26\u00b0 SESS\u00c3O ORDIN\u00c1RIA DE 2017."}, {"id": "135", "ano": "2017", "numero": "29", "tipo__sigla": "REQ", "tipo__descricao": "Requerimento", "autoria": "Jos\u00e9 Viola", "texto_original": "http://sapl.corumbiara.ro.leg.br/media/./sapl/public/materialegislativa/2017/135/135_texto_integral.pdf", "ementa": "REQUER DO SOBERANO PLEN\u00c1RIO APROVA\u00c7\u00c3O DE JUSTIFICATIVA DE FALTA NA 26\u00b0 SESS\u00c3O ORDIN\u00c1RIA DE 2017."}, {"id": "136", "ano": "2017", "numero": "30", "tipo__sigla": "REQ", "tipo__descricao": "Requerimento", "autoria": "TEREZINHA", "texto_original": "http://sapl.corumbiara.ro.leg.br/media/./sapl/public/materialegislativa/2017/136/136_texto_integral.pdf", "ementa": "REQUER DO SOBERANO PLEN\u00c1RIO APROVA\u00c7\u00c3O DE JUSTIFICATIVA DE FALTA NA 28\u00b0 SESS\u00c3O ORDIN\u00c1RIA DE 2017."}, {"id": "137", "ano": "2017", "numero": "31", "tipo__sigla": "REQ", "tipo__descricao": "Requerimento", "autoria": "BRANCA DA EMATER", "texto_original": "http://sapl.corumbiara.ro.leg.br/media/./sapl/public/materialegislativa/2017/137/137_texto_integral.pdf", "ementa": "REQUER DO SOBERANO PLEN\u00c1RIO APROVA\u00c7\u00c3O DE JUSTIFICATIVA DE FALTA NA 28\u00b0 SESS\u00c3O ORDIN\u00c1RIA DE 2017."}, {"id": "138", "ano": "2017", "numero": "32", "tipo__sigla": "REQ", "tipo__descricao": "Requerimento", "autoria": "COLEJURFI - Comiss\u00e3o de Legisla\u00e7\u00e3o Justi\u00e7a e Reda\u00e7\u00e3o Final", "texto_original": "http://sapl.corumbiara.ro.leg.br/media/./sapl/public/materialegislativa/2017/138/138_texto_integral.pdf", "ementa": "REQUER QUE SEJA CONCEDIDO MAIS 15 DIAS DE PRAZO PARA QUE A COMISS\u00c3O EMITA PARECER ACERCA DO PROJETO DE LEI 020/2017."}, {"id": "142", "ano": "2017", "numero": "33", "tipo__sigla": "REQ", "tipo__descricao": "Requerimento", "autoria": "DANIEL DA OBRA", "texto_original": "http://sapl.corumbiara.ro.leg.br/media/./sapl/public/materialegislativa/2017/142/142_texto_integral.pdf", "ementa": "REQUER DO SOBERANO PLEN\u00c1RIO APROVA\u00c7\u00c3O DE JUSTIFICATIVA DE FALTA NA 30\u00ba SESS\u00c3O ORDIN\u00c1RIA OCORRIDA NO DIA 27 DE OUTUBRO DE 2017."}, {"id": "143", "ano": "2017", "numero": "34", "tipo__sigla": "REQ", "tipo__descricao": "Requerimento", "autoria": "EMERSON", "texto_original": "http://sapl.corumbiara.ro.leg.br/media/./sapl/public/materialegislativa/2017/143/143_texto_integral.pdf", "ementa": "REQUER DO SOBERANO PLEN\u00c1RIO APROVA\u00c7\u00c3O DE JUSTIFICATIVA DE FALTA NA 30\u00ba SESS\u00c3O ORDIN\u00c1RIA OCORRIDA NO DIA 27 DE OUTUBRO DE 2017."}, {"id": "144", "ano": "2017", "numero": "35", "tipo__sigla": "REQ", "tipo__descricao": "Requerimento", "autoria": "Jos\u00e9 Viola", "texto_original": "http://sapl.corumbiara.ro.leg.br/media/./sapl/public/materialegislativa/2017/144/144_texto_integral.pdf", "ementa": "REQUER DO SOBERANO PLEN\u00c1RIO APROVA\u00c7\u00c3O DE JUSTIFICATIVA DE FALTA NA 30\u00ba SESS\u00c3O ORDIN\u00c1RIA OCORRIDA NO DIA 27 DE OUTUBRO DE 2017."}, {"id": "147", "ano": "2017", "numero": "36", "tipo__sigla": "REQ", "tipo__descricao": "Requerimento", "autoria": "Caverinha, JOSE CARLOS LEITERO, TEREZINHA", "texto_original": "http://sapl.corumbiara.ro.leg.br/media/./sapl/public/materialegislativa/2017/147/147_texto_integral.pdf", "ementa": "REQUER DO EXECUTIVO MUNICIPAL ELABORA\u00c7\u00c3O DE PARECER T\u00c9CNICO DE ENGENHARIA PARA LEVANTAMENTO E AFERI\u00c7\u00c3O DA REGULARIZA\u00c7\u00c3O E RECOMPOSI\u00c7\u00c3O ASF\u00c1LTICA QUE ESTA SENDO EXECUTADOS EM VIAS URBANAS DOS QUAIS FORAM ATENDIDOS COM A IMPLANTA\u00c7\u00c3O DE REDE DE ESGOTAMENTO SANIT\u00c1RIO, CUJO OS RECURSOS S\u00c3O ORIUNDOS DO GOVERNO FEDERAL PAC/ TERMO DE COMPROMISSO N\u00ba 565/2007 E PROCESSO N\u00ba 358/2013, CONTRATO DE PRESTA\u00c7\u00c3O DE SERVI\u00c7O N\u00ba 85/2013."}, {"id": "150", "ano": "2017", "numero": "37", "tipo__sigla": "REQ", "tipo__descricao": "Requerimento", "autoria": "Nei Moura", "texto_original": "http://sapl.corumbiara.ro.leg.br/media/./sapl/public/materialegislativa/2017/150/150_texto_integral.pdf", "ementa": "REQUER DO SOBERANO PLEN\u00c1RIO APROVA\u00c7\u00c3O DE JUSTIFICATIVA DE FALTA NA 32\u00ba SESS\u00c3O ORDIN\u00c1RIA OCORRIDA NO DIA 10 DE NOVEMBRO DE 2017."}, {"id": "151", "ano": "2017", "numero": "38", "tipo__sigla": "REQ", "tipo__descricao": "Requerimento", "autoria": "TEREZINHA, BRANCA DA EMATER, Caverinha, DANIEL DA OBRA, EMERSON, Jo\u00e3o Valad\u00e3o, JOSE CARLOS LEITERO, Jos\u00e9 Viola, Nei Moura", "texto_original": "http://sapl.corumbiara.ro.leg.br/media/./sapl/public/materialegislativa/2017/151/151_texto_integral.pdf", "ementa": "CONCEDE AOS SENHORES: YOSBANIS PO\u00d1A SANCHES, YECENIA ORTEGA SANCHES E DANET MILAN BLANCO, M\u00c9DICOS DO PROGRAMA MAIS M\u00c9DICOS PARA O BRASIL, MO\u00c7\u00c3O DE APLAUSOS."}, {"id": "152", "ano": "2017", "numero": "39", "tipo__sigla": "REQ", "tipo__descricao": "Requerimento", "autoria": "Caverinha", "texto_original": "http://sapl.corumbiara.ro.leg.br/media/./sapl/public/materialegislativa/2017/152/152_texto_integral.pdf", "ementa": "REQUER DO SOBERANO PLEN\u00c1RIO APROVA\u00c7\u00c3O PARA INSER\u00c7\u00c3O DE PROJETO DE LEI COMPLEMENTAR N\u00b0010/2017 PARA LEITURA NA PAUTA DA 37\u00b0 SESS\u00c3O ORDIN\u00c1RIA DE 15 DE DEZEMBRO DE 2017, EM VIRTUDE DA URG\u00caNCIA E RELEV\u00c2NCIA DA MAT\u00c9RIA."}, {"id": "34", "ano": "2017", "numero": "1", "tipo__sigla": "RES", "tipo__descricao": "RESOLU\u00c7\u00c3O", "autoria": "Caverinha, DANIEL DA OBRA, Nei Moura, TEREZINHA", "texto_original": "http://sapl.corumbiara.ro.leg.br/media/./sapl/public/materialegislativa/2017/34/34_texto_integral.pdf", "ementa": "ALTERA O PARAGRAFO 2\u00ba DO ARTIGO 5\u00ba DA RESOLU\u00c7\u00c3O N\u00ba003/2003 E D\u00c1 OUTRAS PROVID\u00caNCIAS."}, {"id": "38", "ano": "2017", "numero": "2", "tipo__sigla": "RES", "tipo__descricao": "RESOLU\u00c7\u00c3O", "autoria": "Caverinha, DANIEL DA OBRA, Nei Moura, TEREZINHA", "texto_original": "http://sapl.corumbiara.ro.leg.br/media/./sapl/public/materialegislativa/2017/38/38_texto_integral.pdf", "ementa": "ALTERA O ARTIGO 2\u00ba DA RESOLU\u00c7\u00c3O N\u00ba 006/2016 E D\u00c1 OUTRAS PROVID\u00caNCIAS."}, {"id": "39", "ano": "2017", "numero": "3", "tipo__sigla": "RES", "tipo__descricao": "RESOLU\u00c7\u00c3O", "autoria": "Caverinha, DANIEL DA OBRA, Nei Moura, TEREZINHA", "texto_original": "http://sapl.corumbiara.ro.leg.br/media/./sapl/public/materialegislativa/2017/39/39_texto_integral.pdf", "ementa": "ALTERA O PARAGR\u00c1FO 2\u00b0 DO ARTIGO 5\u00ba, O ARTIGO 10 E O ANEXO I DA RESOLU\u00c7\u00c3O N\u00b0006/2015 E D\u00c1 OUTRAS PROVID\u00caNCIAS."}, {"id": "49", "ano": "2017", "numero": "4", "tipo__sigla": "RES", "tipo__descricao": "RESOLU\u00c7\u00c3O", "autoria": "Caverinha, DANIEL DA OBRA, Nei Moura, TEREZINHA", "texto_original": "http://sapl.corumbiara.ro.leg.br/media/./sapl/public/materialegislativa/2017/49/49_texto_integral.pdf", "ementa": "REVOGA-SE A RESOLU\u00c7\u00c3O N\u00ba 002/2017 E O ARTIGO 2\u00ba, DA RESOLU\u00c7\u00c3O N\u00ba 006/2016 E D\u00c1 OUTRAS PROVID\u00caNCIAS."}, {"id": "64", "ano": "2017", "numero": "6", "tipo__sigla": "RES", "tipo__descricao": "RESOLU\u00c7\u00c3O", "autoria": "Caverinha, DANIEL DA OBRA, Nei Moura, TEREZINHA", "texto_original": "http://sapl.corumbiara.ro.leg.br/media/./sapl/public/materialegislativa/2017/64/64_texto_integral.pdf", "ementa": "DISP\u00d5E SOBRE A BAIXA DE BENS M\u00d3VEIS INSERV\u00cdVEIS DA C\u00c2MARA MUNICIPAL DE CORUMBIARA."}, {"id": "100", "ano": "2017", "numero": "7", "tipo__sigla": "RES", "tipo__descricao": "RESOLU\u00c7\u00c3O", "autoria": "Caverinha, DANIEL DA OBRA, Nei Moura, TEREZINHA", "texto_original": "http://sapl.corumbiara.ro.leg.br/media/./sapl/public/materialegislativa/2017/100/100_texto_integral.pdf", "ementa": "DISP\u00d5E SOBRE A DOA\u00c7\u00c3O DE BENS M\u00d3VEIS INSERV\u00cdVEIS DA C\u00c2MARA MUNICIPAL DE CORUMBIARA E D\u00c1 OUTRAS PROVID\u00caNCIAS."}]}