{"headers": {"id": "ID", "ano": "Ano", "numero": "N\u00famero", "tipo__sigla": "Tipo de Mat\u00e9ria Legislativa/Sigla", "tipo__descricao": "Tipo de Mat\u00e9ria Legislativa/Descri\u00e7\u00e3o", "autoria": "Autorias", "texto_original": "Texto Original", "ementa": "Ementa"}, "results": [{"id": "334", "ano": "2019", "numero": "1", "tipo__sigla": "IND", "tipo__descricao": "Indica\u00e7\u00e3o", "autoria": "Jos\u00e9 Viola", "texto_original": "http://sapl.corumbiara.ro.leg.br/media/sapl/public/materialegislativa/2019/334/indicacao_001_2019.pdf", "ementa": "Indica ao prefeito Municipal La\u00e9rcio Marchini, a necessidade de proceder \u00e1 abertura da linha 2, localizada no assentamento Alzira Augusto Monteiro, munic\u00edpio de Corumbiara, com a confec\u00e7\u00e3o de dois bueiros."}, {"id": "335", "ano": "2019", "numero": "2", "tipo__sigla": "IND", "tipo__descricao": "Indica\u00e7\u00e3o", "autoria": "Jos\u00e9 Viola", "texto_original": "http://sapl.corumbiara.ro.leg.br/media/sapl/public/materialegislativa/2019/335/indicacao_002_2019.pdf", "ementa": "Indica ao Prefeito Municipal Laercio Marchini, a necessidade de proceder a reabertura com cascalhamento e patrolamento da linha 1, localizada no assentamento Renato Natan, munic\u00edpio de Corumbiara, com a confec\u00e7\u00e3o de dois bueiros nos pontos indicados abaixo."}, {"id": "336", "ano": "2019", "numero": "3", "tipo__sigla": "IND", "tipo__descricao": "Indica\u00e7\u00e3o", "autoria": "TEREZINHA", "texto_original": "http://sapl.corumbiara.ro.leg.br/media/sapl/public/materialegislativa/2019/336/indicacao_003_2019.pdf", "ementa": "\"INDICA AO PODER EXECUTIVO MUNICIPAL A RECUPERAC\u00c3O DA ESTRADA DO ASSENTAMENTO ALZIRA, LINHA NELINHO\""}, {"id": "337", "ano": "2019", "numero": "4", "tipo__sigla": "IND", "tipo__descricao": "Indica\u00e7\u00e3o", "autoria": "Caverinha", "texto_original": "http://sapl.corumbiara.ro.leg.br/media/sapl/public/materialegislativa/2019/337/indicacao_004_2019.pdf", "ementa": "Indica ao Poder Executivo Municipal a proposi\u00e7\u00e3o de Lei Ordin\u00e1ria sobre cria\u00e7\u00e3o do programa Porteira adentro voltado para agricultura familiar e o fundo municipal de agricultura e encaminha para analise um o anteprojeto de Lei."}, {"id": "338", "ano": "2019", "numero": "5", "tipo__sigla": "IND", "tipo__descricao": "Indica\u00e7\u00e3o", "autoria": "Nei Moura", "texto_original": "http://sapl.corumbiara.ro.leg.br/media/sapl/public/materialegislativa/2019/338/indicacao_005_2019.pdf", "ementa": "Indica ao Prefeito Municipal. de Corumbiara para atrav\u00e9s da Secretaria Municipal de Obras a necessidade de recuperar com aterro as cabeceiras das pontes nos 40 lotes no BAIX\u00c3O DO RIO OMERE."}, {"id": "339", "ano": "2019", "numero": "6", "tipo__sigla": "IND", "tipo__descricao": "Indica\u00e7\u00e3o", "autoria": "Nei Moura", "texto_original": "http://sapl.corumbiara.ro.leg.br/media/sapl/public/materialegislativa/2019/339/indicacao_006_2019.pdf", "ementa": "Indica ao Prefeito Municipal La\u00e9rcio Marchini, a necessidade de arrumar a entrada e a sa\u00edda do Distrito de Vitoria da Uni\u00e3o."}, {"id": "340", "ano": "2019", "numero": "7", "tipo__sigla": "IND", "tipo__descricao": "Indica\u00e7\u00e3o", "autoria": "Nei Moura", "texto_original": "http://sapl.corumbiara.ro.leg.br/media/sapl/public/materialegislativa/2019/340/indicacao_007_2019.pdf", "ementa": "Indica ao Prefeito Municipal La\u00e9rcio Marchini, a necessidade de construir a ponte da linha 04, sobre o Rio Boc\u00e3o, no distrito de Vitoria da Uni\u00e3o."}, {"id": "341", "ano": "2019", "numero": "8", "tipo__sigla": "IND", "tipo__descricao": "Indica\u00e7\u00e3o", "autoria": "Nei Moura", "texto_original": "http://sapl.corumbiara.ro.leg.br/media/sapl/public/materialegislativa/2019/341/indicacao_008_2019.pdf", "ementa": "Indica ao Prefeito Municipal La\u00e9rcio Marchini, a necessidade de recupera\u00e7\u00e3o de dois atoleiros na linha 02B localizados em frente ao SR. CLEBER e outro em frente ao SR. Jo\u00e3o Camargo, pois est\u00e1 ficando intransit\u00e1vel."}, {"id": "342", "ano": "2019", "numero": "9", "tipo__sigla": "IND", "tipo__descricao": "Indica\u00e7\u00e3o", "autoria": "Jos\u00e9 Viola", "texto_original": "http://sapl.corumbiara.ro.leg.br/media/sapl/public/materialegislativa/2019/342/indicacao_009_2019.pdf", "ementa": "Indica ao Prefeito Municipal La\u00e9rcio Marchini, a necessidade de proceder \u00e1 recupera\u00e7\u00e3o de todas as linhas e travess\u00f5es dos assentamentos: RENATO NAAN, Z\u00c9 BENT\u00c3O, ALZIRA E MARANAT\u00c1."}, {"id": "343", "ano": "2019", "numero": "10", "tipo__sigla": "IND", "tipo__descricao": "Indica\u00e7\u00e3o", "autoria": "Jos\u00e9 Viola", "texto_original": "http://sapl.corumbiara.ro.leg.br/media/sapl/public/materialegislativa/2019/343/indicacao_010_2019.pdf", "ementa": "Indica ao Prefeito Municipal La\u00e9rcio Marchini, a necessidade de proceder \u00e0 reabertura da linha 04 da 4\u00aa para 5\u00aa eixo, Km 14, sentido Toninho da Radio."}, {"id": "344", "ano": "2019", "numero": "11", "tipo__sigla": "IND", "tipo__descricao": "Indica\u00e7\u00e3o", "autoria": "Jo\u00e3o Valad\u00e3o", "texto_original": "http://sapl.corumbiara.ro.leg.br/media/sapl/public/materialegislativa/2019/344/indicacao_011_2019.pdf", "ementa": "Indica ao Poder Executivo Municipal a Recupera\u00e7\u00e3o na ponte entre a linha 05 e 04 3\u00aa eixo sobre o Rio Corumbiara."}, {"id": "345", "ano": "2019", "numero": "12", "tipo__sigla": "IND", "tipo__descricao": "Indica\u00e7\u00e3o", "autoria": "Jo\u00e3o Valad\u00e3o", "texto_original": "http://sapl.corumbiara.ro.leg.br/media/sapl/public/materialegislativa/2019/345/indicacao_012_2019.pdf", "ementa": "Indica ao Poder Executivo Municipal a Recupera\u00e7\u00e3o na ponte entre 2\u00aa e 1\u00aa Eixo sentido serrado rumo Colorado do Oeste."}, {"id": "346", "ano": "2019", "numero": "13", "tipo__sigla": "IND", "tipo__descricao": "Indica\u00e7\u00e3o", "autoria": "JOSE CARLOS LEITERO", "texto_original": "http://sapl.corumbiara.ro.leg.br/media/sapl/public/materialegislativa/2019/346/indicacao_013_2019.pdf", "ementa": "Indica ao Poder Executivo Municipal a amplia\u00e7\u00e3o do barrac\u00e3o, constru\u00e7\u00e3o de um estacionamento e constru\u00e7\u00e3o de 2 sanit\u00e1rios no cemit\u00e9rio Jose Joaquim da Silva Tiradentes"}, {"id": "347", "ano": "2019", "numero": "14", "tipo__sigla": "IND", "tipo__descricao": "Indica\u00e7\u00e3o", "autoria": "Jo\u00e3o Valad\u00e3o", "texto_original": "http://sapl.corumbiara.ro.leg.br/media/sapl/public/materialegislativa/2019/347/indicacao_014_2019.pdf", "ementa": "Indica ao Poder Executivo Municipal para mandar caminh\u00e3o pipa para molhar em frente da Escola Colina Verde no Distrito de Rondol\u00e2ndia."}, {"id": "348", "ano": "2019", "numero": "15", "tipo__sigla": "IND", "tipo__descricao": "Indica\u00e7\u00e3o", "autoria": "TEREZINHA", "texto_original": "http://sapl.corumbiara.ro.leg.br/media/sapl/public/materialegislativa/2019/348/indicacao_015_2019.pdf", "ementa": "Indica ao Prefeito Municipal para proceder o melhoramento no pr\u00e9dio do CRAS, onde atualmente funciona a feira municipal."}, {"id": "349", "ano": "2019", "numero": "16", "tipo__sigla": "IND", "tipo__descricao": "Indica\u00e7\u00e3o", "autoria": "Nei Moura", "texto_original": "http://sapl.corumbiara.ro.leg.br/media/sapl/public/materialegislativa/2019/349/indicacao_016_2019.pdf", "ementa": "Indica ao Poder Executivo Municipal para interceder com a empresa Rondinha do Distrito de Vitoria da Uni\u00e3o para remo\u00e7\u00e3o de arvores de eucalipto."}, {"id": "350", "ano": "2019", "numero": "17", "tipo__sigla": "IND", "tipo__descricao": "Indica\u00e7\u00e3o", "autoria": "DANIEL DA OBRA", "texto_original": "http://sapl.corumbiara.ro.leg.br/media/sapl/public/materialegislativa/2019/350/indicacao_017_2019.pdf", "ementa": "Indica ao Poder Executivo Municipal a dar o nome de Alcides machado da Silva a pra\u00e7a de Vitoria da Uni\u00e3o e d\u00e1 outras provid\u00eancias"}, {"id": "351", "ano": "2019", "numero": "18", "tipo__sigla": "IND", "tipo__descricao": "Indica\u00e7\u00e3o", "autoria": "Jo\u00e3o Valad\u00e3o", "texto_original": "http://sapl.corumbiara.ro.leg.br/media/sapl/public/materialegislativa/2019/351/indicacao_018_2019.pdf", "ementa": "Indica ao Poder Executivo Municipal a Limpeza do Cemit\u00e9rio de Rondol\u00e2ndia."}, {"id": "361", "ano": "2019", "numero": "19", "tipo__sigla": "IND", "tipo__descricao": "Indica\u00e7\u00e3o", "autoria": "Jo\u00e3o Valad\u00e3o", "texto_original": "http://sapl.corumbiara.ro.leg.br/media/sapl/public/materialegislativa/2019/361/indicacao_019_2019.pdf", "ementa": "Indica ao Poder Executivo Municipal a reforma da ponte do retiro, no assentamento da antiga fazenda Santa Elina."}, {"id": "352", "ano": "2019", "numero": "20", "tipo__sigla": "IND", "tipo__descricao": "Indica\u00e7\u00e3o", "autoria": "Nei Moura", "texto_original": "http://sapl.corumbiara.ro.leg.br/media/sapl/public/materialegislativa/2019/352/indicacao_020_2019.pdf", "ementa": "Indica ao poder Executivo Municipal a reforma das pontes do BAIX\u00c3O DOS 40 LOTES."}, {"id": "353", "ano": "2019", "numero": "21", "tipo__sigla": "IND", "tipo__descricao": "Indica\u00e7\u00e3o", "autoria": "La\u00e9rcio Marcini", "texto_original": "http://sapl.corumbiara.ro.leg.br/media/sapl/public/materialegislativa/2019/353/indicacao_021_2019.pdf", "ementa": "Indica ao Poder Executivo Municipal para tomar as devidas provid\u00eancias, quando ao tubo da entrada no Distrito Vitoria da Uni\u00e3o."}, {"id": "354", "ano": "2019", "numero": "22", "tipo__sigla": "IND", "tipo__descricao": "Indica\u00e7\u00e3o", "autoria": "La\u00e9rcio Marcini", "texto_original": "http://sapl.corumbiara.ro.leg.br/media/sapl/public/materialegislativa/2019/354/indicacao_022_2019.pdf", "ementa": "Indica ao Poder Executivo Municipal para realizar servi\u00e7o de tapa buraco e lama asf\u00e1ltica no Distrito Vitoria da Uni\u00e3o."}, {"id": "355", "ano": "2019", "numero": "23", "tipo__sigla": "IND", "tipo__descricao": "Indica\u00e7\u00e3o", "autoria": "Jos\u00e9 Viola", "texto_original": "http://sapl.corumbiara.ro.leg.br/media/sapl/public/materialegislativa/2019/355/indicacao_023_2019.pdf", "ementa": "Indica ao Poder Executivo Municipal para Realizar Servi\u00e7o de tapa buraco e lama asf\u00e1ltica no Distrito Alto Guarajus."}, {"id": "356", "ano": "2019", "numero": "24", "tipo__sigla": "IND", "tipo__descricao": "Indica\u00e7\u00e3o", "autoria": "Jos\u00e9 Viola", "texto_original": "http://sapl.corumbiara.ro.leg.br/media/sapl/public/materialegislativa/2019/356/indicacao_024_2019.pdf", "ementa": "Indica ao Poder Executivo Municipal para interceder junto a Secretaria de Obras e colocar um tubo na linha 99A."}, {"id": "357", "ano": "2019", "numero": "25", "tipo__sigla": "IND", "tipo__descricao": "Indica\u00e7\u00e3o", "autoria": "DANIEL DA OBRA", "texto_original": "http://sapl.corumbiara.ro.leg.br/media/sapl/public/materialegislativa/2019/357/indicacao_025_2019.pdf", "ementa": "Indica ao Poder Executivo Municipal para o cascalhamento da linha 05 (EM FRENTE AO TI\u00c3O DI FOLE)"}, {"id": "253", "ano": "2019", "numero": "1", "tipo__sigla": "PC", "tipo__descricao": "PRESTA\u00c7\u00c3O DE CONTAS", "autoria": "La\u00e9rcio Marcini", "texto_original": "http://sapl.corumbiara.ro.leg.br/media/sapl/public/materialegislativa/2019/253/prestacao_de_contas_2019.pdf", "ementa": "Presta\u00e7\u00e3o de Contas do exerc\u00edcio de 2019 do Munic\u00edpio de Corumbiara de responsabilidade do Prefeito Municipal Laercio Marchini."}, {"id": "254", "ano": "2019", "numero": "2", "tipo__sigla": "PC", "tipo__descricao": "PRESTA\u00c7\u00c3O DE CONTAS", "autoria": "La\u00e9rcio Marcini", "texto_original": "http://sapl.corumbiara.ro.leg.br/media/sapl/public/materialegislativa/2019/254/prestacao_de_contas_2019.pdf", "ementa": "Presta\u00e7\u00e3o de Contas do exerc\u00edcio de 2019 do Munic\u00edpio de Corumbiara de responsabilidade do prefeito Laercio Marchini."}]}